{"id":11307,"date":"2025-01-22T09:25:04","date_gmt":"2025-01-22T06:25:04","guid":{"rendered":"https:\/\/www.egemtv.com\/?p=11307"},"modified":"2025-01-22T09:25:06","modified_gmt":"2025-01-22T06:25:06","slug":"kusadasi-belediyesinden-ogrencilere-karne-hediyesi","status":"publish","type":"post","link":"https:\/\/www.egemtv.com\/?p=11307","title":{"rendered":"Ku\u015fadas\u0131 Belediyesi\u2019nden \u00f6\u011frencilere karne hediyesi"},"content":{"rendered":"<p>Ku\u015fadas\u0131 Belediyesi, e\u011fitim bursu verilen \u00f6\u011frencileri karne hediyesi olarak can dostlarla bulu\u015fturup, kentteki k\u00fclt\u00fcr rotalar\u0131n\u0131 gezdirdi. Belediye Ba\u015fkan Yard\u0131mc\u0131s\u0131 Seyfi Seyhan Suvari\u2019nin de kat\u0131ld\u0131\u011f\u0131 etkinlikte \u00f6\u011frenciler, g\u00fcn boyunca keyifli vakit ge\u00e7irdi.<\/p>\n<p>T\u00fcrkiye\u2019de 2024-2025 e\u011fitim ve \u00f6\u011fretim y\u0131l\u0131n\u0131n birinci d\u00f6nemi, ge\u00e7en Cuma g\u00fcn\u00fc sona erdi. Ku\u015fadas\u0131\u2019nda karnelerini alan binlerce \u00f6\u011frenci, 31 Ocak\u2019a kadar s\u00fcrecek olan yar\u0131y\u0131l tatilinin heyecan\u0131n\u0131 ya\u015famaya ba\u015flad\u0131. Ku\u015fadas\u0131 Belediyesi de e\u011fitim bursu alan 7-14 ya\u015f aras\u0131ndaki 22 \u00f6\u011frenci i\u00e7in kentin farkl\u0131 noktalar\u0131na gezi d\u00fczenledi. Bu kapsamda \u00e7ocuklar\u0131n ilk dura\u011f\u0131 Ku\u015fadas\u0131 Evcil Hayvan Bak\u0131m ve Rehabilitasyon Merkezi oldu. Merkezde g\u00f6revli veterinerlerden sokak hayvanlar\u0131na y\u00f6nelik ger\u00e7ekle\u015ftirilen \u00e7al\u0131\u015fmalar, sa\u011fl\u0131k durumlar\u0131 ve bak\u0131mlar\u0131yla ilgili bilgi alan \u00e7ocuklar, yavru kedi ve k\u00f6pekler ba\u015fta olmak t\u00fcm hayvanlarla yak\u0131ndan ilgilendi. \u00d6\u011frenciler daha sonra tar\u0131msal \u00fcretimin yap\u0131ld\u0131\u011f\u0131 Adabah\u00e7e, Mineral ve Fosil M\u00fczesi, Deniz Ticaret Tarihi M\u00fczesi ile Necati Korkmaz Mikro Minyat\u00fcr Sanat Merkezi ve Sergi Alan\u0131\u2019n\u0131 dola\u015ft\u0131. Gezinin sonunda \u00f6\u011frenciler, Ba\u015fkan \u00d6mer G\u00fcnel\u2019e te\u015fekk\u00fcr etti.<br \/><\/p>\n","protected":false},"excerpt":{"rendered":"<p>Ku\u015fadas\u0131 Belediyesi, e\u011fitim bursu verilen \u00f6\u011frencileri karne hediyesi olarak can dostlarla bulu\u015fturup, kentteki k\u00fclt\u00fcr rotalar\u0131n\u0131 gezdirdi. Belediye Ba\u015fkan Yard\u0131mc\u0131s\u0131 Seyfi Seyhan Suvari\u2019nin de kat\u0131ld\u0131\u011f\u0131 etkinlikte \u00f6\u011frenciler, g\u00fcn boyunca keyifli vakit ge\u00e7irdi. T\u00fcrkiye\u2019de 2024-2025 e\u011fitim ve \u00f6\u011fretim y\u0131l\u0131n\u0131n birinci d\u00f6nemi, ge\u00e7en Cuma g\u00fcn\u00fc sona erdi. Ku\u015fadas\u0131\u2019nda karnelerini alan binlerce \u00f6\u011frenci, 31 Ocak\u2019a kadar s\u00fcrecek olan yar\u0131y\u0131l&#8230;<\/p>\n","protected":false},"author":1,"featured_media":11308,"comment_status":"open","ping_status":"open","sticky":false,"template":"","format":"standard","meta":{"_crdt_document":"","footnotes":""},"categories":[1],"tags":[],"class_list":["post-11307","post","type-post","status-publish","format-standard","has-post-thumbnail","hentry","category-guncel"],"_links":{"self":[{"href":"https:\/\/www.egemtv.com\/index.php?rest_route=\/wp\/v2\/posts\/11307","targetHints":{"allow":["GET"]}}],"collection":[{"href":"https:\/\/www.egemtv.com\/index.php?rest_route=\/wp\/v2\/posts"}],"about":[{"href":"https:\/\/www.egemtv.com\/index.php?rest_route=\/wp\/v2\/types\/post"}],"author":[{"embeddable":true,"href":"https:\/\/www.egemtv.com\/index.php?rest_route=\/wp\/v2\/users\/1"}],"replies":[{"embeddable":true,"href":"https:\/\/www.egemtv.com\/index.php?rest_route=%2Fwp%2Fv2%2Fcomments&post=11307"}],"version-history":[{"count":1,"href":"https:\/\/www.egemtv.com\/index.php?rest_route=\/wp\/v2\/posts\/11307\/revisions"}],"predecessor-version":[{"id":11309,"href":"https:\/\/www.egemtv.com\/index.php?rest_route=\/wp\/v2\/posts\/11307\/revisions\/11309"}],"wp:featuredmedia":[{"embeddable":true,"href":"https:\/\/www.egemtv.com\/index.php?rest_route=\/wp\/v2\/media\/11308"}],"wp:attachment":[{"href":"https:\/\/www.egemtv.com\/index.php?rest_route=%2Fwp%2Fv2%2Fmedia&parent=11307"}],"wp:term":[{"taxonomy":"category","embeddable":true,"href":"https:\/\/www.egemtv.com\/index.php?rest_route=%2Fwp%2Fv2%2Fcategories&post=11307"},{"taxonomy":"post_tag","embeddable":true,"href":"https:\/\/www.egemtv.com\/index.php?rest_route=%2Fwp%2Fv2%2Ftags&post=11307"}],"curies":[{"name":"wp","href":"https:\/\/api.w.org\/{rel}","templated":true}]}}