{"id":11304,"date":"2025-01-22T09:21:48","date_gmt":"2025-01-22T06:21:48","guid":{"rendered":"https:\/\/www.egemtv.com\/?p=11304"},"modified":"2025-01-22T09:21:50","modified_gmt":"2025-01-22T06:21:50","slug":"aydini-temsil-eden-sporcular-basarilariyla-gururlandirdi","status":"publish","type":"post","link":"https:\/\/www.egemtv.com\/?p=11304","title":{"rendered":"Ayd\u0131n\u2019\u0131 temsil eden sporcular ba\u015far\u0131lar\u0131yla gururland\u0131rd\u0131"},"content":{"rendered":"<p>\u0130stanbul\u2019da d\u00fczenlenen U20 Salon T\u00fcrkiye \u015eampiyonas\u0131\u2019nda Ayd\u0131n\u2019\u0131 temsil eden sporcular Koray Uygun ve \u00d6yk\u00fc Ceylin Tekdal T\u00fcrkiye \u015eampiyonu olurken, Talha G\u00fclnihal ise T\u00fcrkiye ikincisi oldu. \u00dc\u00e7 sporcu da elde ettikleri ba\u015far\u0131larla Ayd\u0131n\u2019\u0131n gurur kayna\u011f\u0131 oldu.<\/p>\n<p>U20 Salon T\u00fcrkiye \u015eampiyonas\u0131, \u0130stanbul\u2019un ev sahipli\u011finde ger\u00e7ekle\u015ftirildi. \u015eampiyonaya kat\u0131lan Ayd\u0131nl\u0131 atletlerin performanslar\u0131 ise dikkat \u00e7ekti. Sporcu E\u011fitim Merkezi b\u00fcnyesinde yeti\u015fen sporculardan Koray Uygun ve Talha G\u00fclnihal ile \u0130ncirliova Spor Lisesi sporcusu \u00d6yk\u00fc Ceylin Tekdal ald\u0131klar\u0131 derecelerle \u015fampiyonaya damga vurdu. Koray Uygun, kendi ya\u015f\u0131 olan U18 yerine bir \u00fcst kategori olan U20 60 metre engelli yar\u0131\u015f\u0131nda, 7,87\u2019lik derecesiyle T\u00fcrkiye \u015eampiyonu oldu. Bu ba\u015far\u0131yla 7,78\u2019lik T\u00fcrkiye rekoruna olduk\u00e7a yakla\u015fan Koray, \u015fampiyonan\u0131n en dikkat \u00e7eken isimlerinden biri oldu. Koray, 8 \u015eubat\u2019ta Bulgaristan\u2019\u0131n Sofya kentinde d\u00fczenlenecek olan U20 Salon Balkan \u015eampiyonas\u0131\u2019nda T\u00fcrkiye\u2019yi temsil edecek.<\/p>\n<p>Ayd\u0131n ad\u0131na yar\u0131\u015fan \u00d6yk\u00fc Ceylin Tekdal ise \u015fampiyonaya damgas\u0131n\u0131 vuran gen\u00e7 atletlerden biri oldu. 2009 do\u011fumlu olan \u00d6yk\u00fc, kendi ya\u015f grubunun \u00fcst\u00fcnde yar\u0131\u015farak U20 kategorisinde 60 metre engelli bran\u015f\u0131nda T\u00fcrkiye \u015eampiyonu oldu. \u00d6yk\u00fc de Bulgaristan\u2019\u0131n Sofya kentinde d\u00fczenlenecek olan U20 Salon Balkan \u015eampiyonas\u0131\u2019nda T\u00fcrkiye\u2019yi temsil etme onurunu ya\u015fayacak. \u015eampiyonada dikkat \u00e7eken bir di\u011fer sporcu ise Talha G\u00fclnihal oldu. Talha, ayn\u0131 kategoride g\u00f6sterdi\u011fi 7,91\u2019lik derecesiyle T\u00fcrkiye ikincili\u011fi kazand\u0131.<\/p>\n<p>Ba\u015far\u0131l\u0131 sporcular\u0131n antren\u00f6r\u00fc Burak Uygun, sporcular\u0131n elde ettikleri ba\u015far\u0131lardan b\u00fcy\u00fck mutluluk duyduklar\u0131n\u0131 ifade ederek, &#8220;Koray, Talha ve \u00d6yk\u00fc, disiplinli \u00e7al\u0131\u015fman\u0131n ve kararl\u0131l\u0131\u011f\u0131n en g\u00fczel \u00f6rneklerini sergilediler. Her biri, bizi gururland\u0131ran ba\u015far\u0131larla evlerine d\u00f6nd\u00fc. Balkan \u015eampiyonas\u0131\u2019nda da bayra\u011f\u0131m\u0131z\u0131 dalgaland\u0131racaklar\u0131na y\u00fcrekten inan\u0131yoruz&#8221; dedi.<br \/><\/p>\n","protected":false},"excerpt":{"rendered":"<p>\u0130stanbul\u2019da d\u00fczenlenen U20 Salon T\u00fcrkiye \u015eampiyonas\u0131\u2019nda Ayd\u0131n\u2019\u0131 temsil eden sporcular Koray Uygun ve \u00d6yk\u00fc Ceylin Tekdal T\u00fcrkiye \u015eampiyonu olurken, Talha G\u00fclnihal ise T\u00fcrkiye ikincisi oldu. \u00dc\u00e7 sporcu da elde ettikleri ba\u015far\u0131larla Ayd\u0131n\u2019\u0131n gurur kayna\u011f\u0131 oldu. U20 Salon T\u00fcrkiye \u015eampiyonas\u0131, \u0130stanbul\u2019un ev sahipli\u011finde ger\u00e7ekle\u015ftirildi. \u015eampiyonaya kat\u0131lan Ayd\u0131nl\u0131 atletlerin performanslar\u0131 ise dikkat \u00e7ekti. Sporcu E\u011fitim Merkezi b\u00fcnyesinde&#8230;<\/p>\n","protected":false},"author":1,"featured_media":11305,"comment_status":"open","ping_status":"open","sticky":false,"template":"","format":"standard","meta":{"_crdt_document":"","footnotes":""},"categories":[4],"tags":[],"class_list":["post-11304","post","type-post","status-publish","format-standard","has-post-thumbnail","hentry","category-spor"],"_links":{"self":[{"href":"https:\/\/www.egemtv.com\/index.php?rest_route=\/wp\/v2\/posts\/11304","targetHints":{"allow":["GET"]}}],"collection":[{"href":"https:\/\/www.egemtv.com\/index.php?rest_route=\/wp\/v2\/posts"}],"about":[{"href":"https:\/\/www.egemtv.com\/index.php?rest_route=\/wp\/v2\/types\/post"}],"author":[{"embeddable":true,"href":"https:\/\/www.egemtv.com\/index.php?rest_route=\/wp\/v2\/users\/1"}],"replies":[{"embeddable":true,"href":"https:\/\/www.egemtv.com\/index.php?rest_route=%2Fwp%2Fv2%2Fcomments&post=11304"}],"version-history":[{"count":1,"href":"https:\/\/www.egemtv.com\/index.php?rest_route=\/wp\/v2\/posts\/11304\/revisions"}],"predecessor-version":[{"id":11306,"href":"https:\/\/www.egemtv.com\/index.php?rest_route=\/wp\/v2\/posts\/11304\/revisions\/11306"}],"wp:featuredmedia":[{"embeddable":true,"href":"https:\/\/www.egemtv.com\/index.php?rest_route=\/wp\/v2\/media\/11305"}],"wp:attachment":[{"href":"https:\/\/www.egemtv.com\/index.php?rest_route=%2Fwp%2Fv2%2Fmedia&parent=11304"}],"wp:term":[{"taxonomy":"category","embeddable":true,"href":"https:\/\/www.egemtv.com\/index.php?rest_route=%2Fwp%2Fv2%2Fcategories&post=11304"},{"taxonomy":"post_tag","embeddable":true,"href":"https:\/\/www.egemtv.com\/index.php?rest_route=%2Fwp%2Fv2%2Ftags&post=11304"}],"curies":[{"name":"wp","href":"https:\/\/api.w.org\/{rel}","templated":true}]}}