{"id":11301,"date":"2025-01-22T09:19:02","date_gmt":"2025-01-22T06:19:02","guid":{"rendered":"https:\/\/www.egemtv.com\/?p=11301"},"modified":"2025-01-22T09:19:04","modified_gmt":"2025-01-22T06:19:04","slug":"nazilli-belediyesinden-karacay-ve-dumlupinarda-kapsamli-calisma","status":"publish","type":"post","link":"https:\/\/www.egemtv.com\/?p=11301","title":{"rendered":"Nazilli Belediyesi\u2019nden Kara\u00e7ay ve Dumlup\u0131nar\u2019da kapsaml\u0131 \u00e7al\u0131\u015fma"},"content":{"rendered":"<p>Nazilli Belediyesi Temizlik \u0130\u015fleri M\u00fcd\u00fcrl\u00fc\u011f\u00fc ekipleri, Kara\u00e7ay ve Dumlup\u0131nar Mahallelerinde kapsaml\u0131 bir temizlik \u00e7al\u0131\u015fmas\u0131 ger\u00e7ekle\u015ftirdi.<\/p>\n<p>Sabah erken saatlerde \u00e7al\u0131\u015fmalara ba\u015flayan ekipler mahalle genelinde sokak ve kald\u0131r\u0131mlar\u0131 s\u00fcp\u00fcrerek at\u0131klar\u0131 toplad\u0131. Vatanda\u015flar\u0131n daha temiz ve sa\u011fl\u0131kl\u0131 bir \u00e7evrede ya\u015famalar\u0131 i\u00e7in periyodik olarak temizlik \u00e7al\u0131\u015fmalar\u0131n\u0131n devam edece\u011fi belirten Belediye Ba\u015fkan\u0131 Dr. Ertu\u011frul Tetik, &#8220;Hem\u015fehrilerimizin \u00e7evre temizli\u011fi konusunda daha \u00f6zenli olmalar\u0131n\u0131 ve at\u0131klar\u0131n\u0131 belirlenen alana b\u0131rakmalar\u0131 istedi\u011fimizi yineliyoruz. Bu konuda ciddi bir duyarl\u0131l\u0131k geli\u015ftirmek i\u00e7in s\u0131k s\u0131k \u00e7a\u011fr\u0131da bulunuyoruz. \u00c7evre temizli\u011fi konusunda fark\u0131ndal\u0131\u011f\u0131n artmas\u0131 i\u00e7in benzer \u00e7al\u0131\u015fmalar\u0131 t\u00fcm mahallelerimizde s\u00fcrd\u00fcrece\u011fiz&#8221; dedi.<\/p>\n<p>Nazilli Belediyesi, temiz ve ya\u015fanabilir bir \u015fehir hedefiyle \u00e7al\u0131\u015fmalar\u0131n\u0131 aral\u0131ks\u0131z s\u00fcrd\u00fcr\u00fcyor.<br \/><\/p>\n","protected":false},"excerpt":{"rendered":"<p>Nazilli Belediyesi Temizlik \u0130\u015fleri M\u00fcd\u00fcrl\u00fc\u011f\u00fc ekipleri, Kara\u00e7ay ve Dumlup\u0131nar Mahallelerinde kapsaml\u0131 bir temizlik \u00e7al\u0131\u015fmas\u0131 ger\u00e7ekle\u015ftirdi. Sabah erken saatlerde \u00e7al\u0131\u015fmalara ba\u015flayan ekipler mahalle genelinde sokak ve kald\u0131r\u0131mlar\u0131 s\u00fcp\u00fcrerek at\u0131klar\u0131 toplad\u0131. Vatanda\u015flar\u0131n daha temiz ve sa\u011fl\u0131kl\u0131 bir \u00e7evrede ya\u015famalar\u0131 i\u00e7in periyodik olarak temizlik \u00e7al\u0131\u015fmalar\u0131n\u0131n devam edece\u011fi belirten Belediye Ba\u015fkan\u0131 Dr. Ertu\u011frul Tetik, &#8220;Hem\u015fehrilerimizin \u00e7evre temizli\u011fi konusunda daha&#8230;<\/p>\n","protected":false},"author":1,"featured_media":11302,"comment_status":"open","ping_status":"open","sticky":false,"template":"","format":"standard","meta":{"_crdt_document":"","footnotes":""},"categories":[1],"tags":[],"class_list":["post-11301","post","type-post","status-publish","format-standard","has-post-thumbnail","hentry","category-guncel"],"_links":{"self":[{"href":"https:\/\/www.egemtv.com\/index.php?rest_route=\/wp\/v2\/posts\/11301","targetHints":{"allow":["GET"]}}],"collection":[{"href":"https:\/\/www.egemtv.com\/index.php?rest_route=\/wp\/v2\/posts"}],"about":[{"href":"https:\/\/www.egemtv.com\/index.php?rest_route=\/wp\/v2\/types\/post"}],"author":[{"embeddable":true,"href":"https:\/\/www.egemtv.com\/index.php?rest_route=\/wp\/v2\/users\/1"}],"replies":[{"embeddable":true,"href":"https:\/\/www.egemtv.com\/index.php?rest_route=%2Fwp%2Fv2%2Fcomments&post=11301"}],"version-history":[{"count":1,"href":"https:\/\/www.egemtv.com\/index.php?rest_route=\/wp\/v2\/posts\/11301\/revisions"}],"predecessor-version":[{"id":11303,"href":"https:\/\/www.egemtv.com\/index.php?rest_route=\/wp\/v2\/posts\/11301\/revisions\/11303"}],"wp:featuredmedia":[{"embeddable":true,"href":"https:\/\/www.egemtv.com\/index.php?rest_route=\/wp\/v2\/media\/11302"}],"wp:attachment":[{"href":"https:\/\/www.egemtv.com\/index.php?rest_route=%2Fwp%2Fv2%2Fmedia&parent=11301"}],"wp:term":[{"taxonomy":"category","embeddable":true,"href":"https:\/\/www.egemtv.com\/index.php?rest_route=%2Fwp%2Fv2%2Fcategories&post=11301"},{"taxonomy":"post_tag","embeddable":true,"href":"https:\/\/www.egemtv.com\/index.php?rest_route=%2Fwp%2Fv2%2Ftags&post=11301"}],"curies":[{"name":"wp","href":"https:\/\/api.w.org\/{rel}","templated":true}]}}