{"id":11298,"date":"2025-01-21T22:20:49","date_gmt":"2025-01-21T19:20:49","guid":{"rendered":"https:\/\/www.egemtv.com\/?p=11298"},"modified":"2025-01-21T22:20:51","modified_gmt":"2025-01-21T19:20:51","slug":"burdur-golunde-alarm-su-seviyesi-yarim-asirda-21-metre-dustu","status":"publish","type":"post","link":"https:\/\/www.egemtv.com\/?p=11298","title":{"rendered":"Burdur G\u00f6l\u00fc\u2019nde alarm: Su seviyesi yar\u0131m as\u0131rda 21 metre d\u00fc\u015ft\u00fc"},"content":{"rendered":"<p>T\u00fcrkiye\u2019nin 7. b\u00fcy\u00fck g\u00f6l\u00fc olan Burdur G\u00f6l\u00fc, iklim de\u011fi\u015fikli\u011fi, ka\u00e7ak sondajlar ve vah\u015fi sulama gibi etkenlerle h\u0131zla su kaybediyor.<br \/>\n<br \/>T\u00fcrkiye\u2019nin 7. b\u00fcy\u00fck g\u00f6l\u00fc olan ve kurakl\u0131kla bo\u011fu\u015fan Burdur G\u00f6l\u00fc, g\u00fcn ge\u00e7tik\u00e7e su kaybediyor. \u00d6zellikle son 3 y\u0131ld\u0131r b\u00f6lgede ya\u011f\u0131\u015f miktar\u0131n\u0131n \u00e7ok d\u00fc\u015f\u00fck olmas\u0131 nedeniyle beslenemeyen g\u00f6l, \u00e7evresinde yerli halk taraf\u0131ndan yap\u0131lan b\u00fcy\u00fckba\u015f hayvanc\u0131l\u0131k ve vah\u015fi sulama nedeniyle de g\u00fcnden g\u00fcne yok oluyor.<\/p>\n<p>Burdur G\u00f6l\u00fc\u2019nde su seviyesi ve hacimde dramatik d\u00fc\u015f\u00fc<br \/>\n<br \/>G\u00f6l\u00fcn en y\u00fcksek seviyeye ula\u015ft\u0131\u011f\u0131 1971 y\u0131l\u0131n\u0131n Temmuz ay\u0131nda 857,37 metre olarak \u00f6l\u00e7\u00fclen su kotu 2024 Ocak ay\u0131ndaki \u00f6l\u00e7\u00fcmde 837,35 metre iken Ocak 2025\u2019te ise 836,72 metreye d\u00fc\u015ft\u00fc. Yine 1971 y\u0131l\u0131 Temmuz ay\u0131nda 17 bin 998, 210 hektar alan \u00f6l\u00e7\u00fclen y\u00fczey alan\u0131 2024 Ocak ay\u0131nda 12 bin 59,85 hektar alan olarak \u00f6l\u00e7\u00fcl\u00fcrken Ocak 2025\u2019te 11 bin 644, 2 hektar alan olarak hesapland\u0131. Burdur G\u00f6l\u00fc\u2019n\u00fcn hacmi ise Ocak 2024\u2019te 3 bin 575, 33 hektometre k\u00fcp iken Ocak 2025\u2019te 3 bin 480,44 hektometre k\u00fcpe kadar d\u00fc\u015fm\u00fc\u015f durumda.<br \/>\n<br \/>Kurakl\u0131k nedeniyle g\u00fcn ge\u00e7tik\u00e7e \u00e7ekilen Burdur G\u00f6l\u00fc bir yandan da \u00e7evre kirlili\u011fi ile m\u00fccadele ediyor. Duyars\u0131z vatanda\u015flar taraf\u0131ndan getirilen bir\u00e7ok \u00e7\u00f6p\u00fcn g\u00f6l kenar\u0131na d\u00f6k\u00fcld\u00fc\u011f\u00fc g\u00f6r\u00fcl\u00fcyor. Kirlilik nedeniyle g\u00f6l y\u00fczeyinde bir\u00e7ok alanda metan gaz\u0131 \u00e7\u0131k\u0131\u015f\u0131 oldu\u011fu da g\u00f6r\u00fcld\u00fc.<\/p>\n<p>&#8220;Burdur G\u00f6l\u00fc\u2019n\u00fcn kurtar\u0131lmas\u0131 i\u00e7in acil \u00f6nlemler al\u0131nmal\u0131&#8221;<br \/>\n<br \/>Burdur G\u00f6l\u00fc\u2019n\u00fcn kurtar\u0131lmas\u0131 i\u00e7in y\u0131llard\u0131r \u00e7al\u0131\u015fma Mehmet Akif Ersoy \u00dcniversitesi Fen Edebiyat Fak\u00fcltesi Biyoloji B\u00f6l\u00fcm\u00fc Hidrobiyoloji Ana Bilim Dal\u0131 \u00d6\u011fretim \u00dcyesi Prof. Dr. \u0130skender G\u00fclle gazetecilere yapt\u0131\u011f\u0131 a\u00e7\u0131klamada, &#8220;B\u00f6lgede k\u0131\u015f\u0131n en sert ge\u00e7mesi gereken, en yo\u011fun ya\u011f\u0131\u015f g\u00f6rmemiz gereken aylarday\u0131z. Fakat g\u00f6r\u00fcld\u00fc\u011f\u00fc \u00fczere yazdan kalma bir g\u00fcn, adeta bir ilkbahar havas\u0131 ya\u015f\u0131yoruz. Tabii bu asl\u0131nda belki baz\u0131lar\u0131m\u0131z\u0131n ho\u015funa gidebilir fakat \u00e7evre i\u00e7in, do\u011fa i\u00e7in \u015fu anda i\u00e7erisinde bulundu\u011fumuz manzara hi\u00e7 de g\u00fczel bir manzara de\u011fil. Zira \u00f6zellikle son y\u0131llardaki normalin alt\u0131nda g\u00f6rd\u00fc\u011f\u00fcm\u00fcz ya\u011f\u0131\u015f azalmalar\u0131, ba\u015fta sulak alanlar olmak \u00fczere b\u00fct\u00fcn \u00e7evreyi etkiliyor. G\u00f6ller b\u00f6lgesinin sulak alanlar\u0131 olan E\u011firdir G\u00f6l\u00fc, Bey\u015fehir G\u00f6l\u00fc, Burdur G\u00f6l\u00fc g\u00f6r\u00fcld\u00fc\u011f\u00fc \u00fczere su seviyesinde \u00e7ok b\u00fcy\u00fck kay\u0131plar ya\u015fan\u0131yor. \u00d6zellikle Burdur G\u00f6l\u00fc a\u00e7\u0131s\u0131ndan bakacak olursak her zaman de\u011findi\u011fimiz gibi yar\u0131m as\u0131rl\u0131k bir d\u00f6nemde 20 metrenin \u00fczerinde bir seviye kayb\u0131 ya\u015fam\u0131\u015f ve alan ve hacminin yar\u0131s\u0131n\u0131 kaybetmi\u015f durumda&#8221; diye konu\u015ftu.<br \/>\n<br \/>2000\u2019li y\u0131llar\u0131n ba\u015f\u0131nda hissedilmeye ba\u015flanan ya\u011f\u0131\u015f rejimindeki de\u011fi\u015fimin \u015fu anda inan\u0131lmaz bir d\u00fczeye ula\u015ft\u0131\u011f\u0131n\u0131 anlatan G\u00fclle, &#8220;Tahminlere g\u00f6re bu y\u0131l daha iyi ge\u00e7mesini bekledi\u011fimiz bir k\u0131\u015f mevsimi vard\u0131 ama g\u00f6r\u00fcld\u00fc\u011f\u00fc \u00fczere \u015fu anda her taraf\u0131n kar olmas\u0131 gerekirken inan\u0131lmaz derecede bir kurakl\u0131k ya\u015f\u0131yoruz. Buradan insano\u011flu olarak \u00f6nemli bir ders \u00e7\u0131karmam\u0131z gerekiyor. K\u00f6t\u00fc anlamda de\u011fi\u015fen bir \u00e7evrede bizler sa\u011fl\u0131kl\u0131, huzurlu bir gelecek bulamay\u0131z. Bir an \u00f6nce iklim de\u011fi\u015fikli\u011fine uyum \u00e7er\u00e7evesinde bir \u015feyler yapmam\u0131z\u0131n vaktinin geldi\u011fini hatta ge\u00e7iyor oldu\u011funu g\u00f6rebilmemiz gerekiyor\u201d dedi.<br \/><\/p>\n","protected":false},"excerpt":{"rendered":"<p>T\u00fcrkiye\u2019nin 7. b\u00fcy\u00fck g\u00f6l\u00fc olan Burdur G\u00f6l\u00fc, iklim de\u011fi\u015fikli\u011fi, ka\u00e7ak sondajlar ve vah\u015fi sulama gibi etkenlerle h\u0131zla su kaybediyor. T\u00fcrkiye\u2019nin 7. b\u00fcy\u00fck g\u00f6l\u00fc olan ve kurakl\u0131kla bo\u011fu\u015fan Burdur G\u00f6l\u00fc, g\u00fcn ge\u00e7tik\u00e7e su kaybediyor. \u00d6zellikle son 3 y\u0131ld\u0131r b\u00f6lgede ya\u011f\u0131\u015f miktar\u0131n\u0131n \u00e7ok d\u00fc\u015f\u00fck olmas\u0131 nedeniyle beslenemeyen g\u00f6l, \u00e7evresinde yerli halk taraf\u0131ndan yap\u0131lan b\u00fcy\u00fckba\u015f hayvanc\u0131l\u0131k ve vah\u015fi&#8230;<\/p>\n","protected":false},"author":1,"featured_media":11299,"comment_status":"open","ping_status":"open","sticky":false,"template":"","format":"standard","meta":{"_crdt_document":"","footnotes":""},"categories":[1],"tags":[],"class_list":["post-11298","post","type-post","status-publish","format-standard","has-post-thumbnail","hentry","category-guncel"],"_links":{"self":[{"href":"https:\/\/www.egemtv.com\/index.php?rest_route=\/wp\/v2\/posts\/11298","targetHints":{"allow":["GET"]}}],"collection":[{"href":"https:\/\/www.egemtv.com\/index.php?rest_route=\/wp\/v2\/posts"}],"about":[{"href":"https:\/\/www.egemtv.com\/index.php?rest_route=\/wp\/v2\/types\/post"}],"author":[{"embeddable":true,"href":"https:\/\/www.egemtv.com\/index.php?rest_route=\/wp\/v2\/users\/1"}],"replies":[{"embeddable":true,"href":"https:\/\/www.egemtv.com\/index.php?rest_route=%2Fwp%2Fv2%2Fcomments&post=11298"}],"version-history":[{"count":1,"href":"https:\/\/www.egemtv.com\/index.php?rest_route=\/wp\/v2\/posts\/11298\/revisions"}],"predecessor-version":[{"id":11300,"href":"https:\/\/www.egemtv.com\/index.php?rest_route=\/wp\/v2\/posts\/11298\/revisions\/11300"}],"wp:featuredmedia":[{"embeddable":true,"href":"https:\/\/www.egemtv.com\/index.php?rest_route=\/wp\/v2\/media\/11299"}],"wp:attachment":[{"href":"https:\/\/www.egemtv.com\/index.php?rest_route=%2Fwp%2Fv2%2Fmedia&parent=11298"}],"wp:term":[{"taxonomy":"category","embeddable":true,"href":"https:\/\/www.egemtv.com\/index.php?rest_route=%2Fwp%2Fv2%2Fcategories&post=11298"},{"taxonomy":"post_tag","embeddable":true,"href":"https:\/\/www.egemtv.com\/index.php?rest_route=%2Fwp%2Fv2%2Ftags&post=11298"}],"curies":[{"name":"wp","href":"https:\/\/api.w.org\/{rel}","templated":true}]}}