{"id":11295,"date":"2025-01-21T21:31:15","date_gmt":"2025-01-21T18:31:15","guid":{"rendered":"https:\/\/www.egemtv.com\/?p=11295"},"modified":"2025-01-21T21:31:17","modified_gmt":"2025-01-21T18:31:17","slug":"bodrum-marinada-hortum-panigi","status":"publish","type":"post","link":"https:\/\/www.egemtv.com\/?p=11295","title":{"rendered":"Bodrum Marina\u2019da hortum pani\u011fi"},"content":{"rendered":"<p>Mu\u011fla\u2019n\u0131n Bodrum il\u00e7esi Merkez Marina b\u00f6lgesinde bir anda ortaya \u00e7\u0131kan hortum, il\u00e7e sakinlerine korku dolu anlar ya\u015fatt\u0131.<br \/>\n<br \/>Tepecik Mahallesi\u2019nde, limana yak\u0131n bir b\u00f6lgede ortaya \u00e7\u0131kan hortum, \u00e7evredeki vatanda\u015flar\u0131 ve yat sahiplerini pani\u011fe sevk etti. K\u0131sa s\u00fcrede etkisini g\u00f6steren hortum h\u0131zla y\u00fckseldi. Hortum, limana ula\u015fmadan etkisini kaybetti. Can ve mal kayb\u0131n\u0131n ya\u015fanmad\u0131\u011f\u0131 olayda, baz\u0131 vatanda\u015flar\u0131n ya\u015fad\u0131\u011f\u0131 korku dolu anlar cep telefonu kameralar\u0131na yans\u0131d\u0131. G\u00f6r\u00fcnt\u00fclerde hortumun k\u0131sa s\u00fcre i\u00e7inde y\u00fckselip ard\u0131ndan da\u011f\u0131ld\u0131\u011f\u0131 ve \u00e7evredeki insanlar\u0131n panik anlar\u0131 yer ald\u0131.<br \/><\/p>\n","protected":false},"excerpt":{"rendered":"<p>Mu\u011fla\u2019n\u0131n Bodrum il\u00e7esi Merkez Marina b\u00f6lgesinde bir anda ortaya \u00e7\u0131kan hortum, il\u00e7e sakinlerine korku dolu anlar ya\u015fatt\u0131. Tepecik Mahallesi\u2019nde, limana yak\u0131n bir b\u00f6lgede ortaya \u00e7\u0131kan hortum, \u00e7evredeki vatanda\u015flar\u0131 ve yat sahiplerini pani\u011fe sevk etti. K\u0131sa s\u00fcrede etkisini g\u00f6steren hortum h\u0131zla y\u00fckseldi. Hortum, limana ula\u015fmadan etkisini kaybetti. Can ve mal kayb\u0131n\u0131n ya\u015fanmad\u0131\u011f\u0131 olayda, baz\u0131 vatanda\u015flar\u0131n ya\u015fad\u0131\u011f\u0131&#8230;<\/p>\n","protected":false},"author":1,"featured_media":11296,"comment_status":"open","ping_status":"open","sticky":false,"template":"","format":"standard","meta":{"_crdt_document":"","footnotes":""},"categories":[5],"tags":[],"class_list":["post-11295","post","type-post","status-publish","format-standard","has-post-thumbnail","hentry","category-asayis"],"_links":{"self":[{"href":"https:\/\/www.egemtv.com\/index.php?rest_route=\/wp\/v2\/posts\/11295","targetHints":{"allow":["GET"]}}],"collection":[{"href":"https:\/\/www.egemtv.com\/index.php?rest_route=\/wp\/v2\/posts"}],"about":[{"href":"https:\/\/www.egemtv.com\/index.php?rest_route=\/wp\/v2\/types\/post"}],"author":[{"embeddable":true,"href":"https:\/\/www.egemtv.com\/index.php?rest_route=\/wp\/v2\/users\/1"}],"replies":[{"embeddable":true,"href":"https:\/\/www.egemtv.com\/index.php?rest_route=%2Fwp%2Fv2%2Fcomments&post=11295"}],"version-history":[{"count":1,"href":"https:\/\/www.egemtv.com\/index.php?rest_route=\/wp\/v2\/posts\/11295\/revisions"}],"predecessor-version":[{"id":11297,"href":"https:\/\/www.egemtv.com\/index.php?rest_route=\/wp\/v2\/posts\/11295\/revisions\/11297"}],"wp:featuredmedia":[{"embeddable":true,"href":"https:\/\/www.egemtv.com\/index.php?rest_route=\/wp\/v2\/media\/11296"}],"wp:attachment":[{"href":"https:\/\/www.egemtv.com\/index.php?rest_route=%2Fwp%2Fv2%2Fmedia&parent=11295"}],"wp:term":[{"taxonomy":"category","embeddable":true,"href":"https:\/\/www.egemtv.com\/index.php?rest_route=%2Fwp%2Fv2%2Fcategories&post=11295"},{"taxonomy":"post_tag","embeddable":true,"href":"https:\/\/www.egemtv.com\/index.php?rest_route=%2Fwp%2Fv2%2Ftags&post=11295"}],"curies":[{"name":"wp","href":"https:\/\/api.w.org\/{rel}","templated":true}]}}