{"id":11292,"date":"2025-01-21T19:24:58","date_gmt":"2025-01-21T16:24:58","guid":{"rendered":"https:\/\/www.egemtv.com\/?p=11292"},"modified":"2025-01-21T19:25:00","modified_gmt":"2025-01-21T16:25:00","slug":"surucusunun-direksiyon-hakimiyetini-kaybettigi-otomobil-yoldan-cikti-o-anlar-kamerada","status":"publish","type":"post","link":"https:\/\/www.egemtv.com\/?p=11292","title":{"rendered":"S\u00fcr\u00fcc\u00fcs\u00fcn\u00fcn direksiyon hakimiyetini kaybetti\u011fi otomobil yoldan \u00e7\u0131kt\u0131: O anlar kamerada"},"content":{"rendered":"<p>Ayd\u0131n\u2019\u0131n S\u00f6ke il\u00e7esinde ya\u011f\u0131\u015f nedeniyle kayganla\u015fan yolda s\u00fcr\u00fcc\u00fcs\u00fcn\u00fcn direksiyon hakimiyetini kaybetti\u011fi otomobil yoldan \u00e7\u0131kt\u0131. Maddi hasarla atlat\u0131lan kaza an\u0131 kameralara yans\u0131d\u0131.<br \/>\n<br \/>Kaza, G\u00fcll\u00fcbah\u00e7e Mahallesi\u2019nde meydana geldi. Edinilen bilgiye g\u00f6re, B.K. idaresindeki 48 J 8109 plakal\u0131 otomobil, s\u00fcr\u00fcc\u00fcs\u00fcn\u00fcn ya\u011f\u0131\u015ftan dolay\u0131 direksiyon hakimiyetini kaybetmesi sonucu yoldan \u00e7\u0131kt\u0131. Kald\u0131r\u0131ma \u00e7arparak yoldan \u00e7\u0131kan otomobilin s\u00fcr\u00fcc\u00fcs\u00fc kazay\u0131 yara almadan atlatt\u0131. Kazay\u0131 g\u00f6renler durumu 112 Acil \u00c7a\u011fr\u0131 Merkezi\u2019ne bildirdi. \u0130hbar \u00fczerine b\u00f6lgeye polis ekipleri sevk edildi. K\u0131sa s\u00fcrede olay yerine gelen polis ekipleri herhangi ba\u015fka bir kazan\u0131n ya\u015fanmamas\u0131 i\u00e7in \u00f6nlem ald\u0131. Trafik polislerinin olay yerinde yapt\u0131klar\u0131 \u00e7al\u0131\u015fmalar\u0131n\u0131n ard\u0131ndan otomobil \u00e7ekici marifeti ile b\u00f6lgeden kald\u0131r\u0131ld\u0131.<br \/>\n<br \/>Kaza an\u0131 KGYS kameralar\u0131 taraf\u0131ndan anbean kaydedilirken, g\u00f6r\u00fcnt\u00fcde kav\u015fa\u011fa giren otomobilin kayarak kald\u0131r\u0131m ta\u015f\u0131na \u00e7arp\u0131p yoldan \u00e7\u0131kt\u0131\u011f\u0131 anlar yer ald\u0131.<br \/>\n<br \/>Kazayla ilgili soru\u015fturma s\u00fcr\u00fcyor.<br \/><\/p>\n","protected":false},"excerpt":{"rendered":"<p>Ayd\u0131n\u2019\u0131n S\u00f6ke il\u00e7esinde ya\u011f\u0131\u015f nedeniyle kayganla\u015fan yolda s\u00fcr\u00fcc\u00fcs\u00fcn\u00fcn direksiyon hakimiyetini kaybetti\u011fi otomobil yoldan \u00e7\u0131kt\u0131. Maddi hasarla atlat\u0131lan kaza an\u0131 kameralara yans\u0131d\u0131. Kaza, G\u00fcll\u00fcbah\u00e7e Mahallesi\u2019nde meydana geldi. Edinilen bilgiye g\u00f6re, B.K. idaresindeki 48 J 8109 plakal\u0131 otomobil, s\u00fcr\u00fcc\u00fcs\u00fcn\u00fcn ya\u011f\u0131\u015ftan dolay\u0131 direksiyon hakimiyetini kaybetmesi sonucu yoldan \u00e7\u0131kt\u0131. Kald\u0131r\u0131ma \u00e7arparak yoldan \u00e7\u0131kan otomobilin s\u00fcr\u00fcc\u00fcs\u00fc kazay\u0131 yara almadan atlatt\u0131&#8230;.<\/p>\n","protected":false},"author":1,"featured_media":11293,"comment_status":"open","ping_status":"open","sticky":false,"template":"","format":"standard","meta":{"_crdt_document":"","footnotes":""},"categories":[5],"tags":[],"class_list":["post-11292","post","type-post","status-publish","format-standard","has-post-thumbnail","hentry","category-asayis"],"_links":{"self":[{"href":"https:\/\/www.egemtv.com\/index.php?rest_route=\/wp\/v2\/posts\/11292","targetHints":{"allow":["GET"]}}],"collection":[{"href":"https:\/\/www.egemtv.com\/index.php?rest_route=\/wp\/v2\/posts"}],"about":[{"href":"https:\/\/www.egemtv.com\/index.php?rest_route=\/wp\/v2\/types\/post"}],"author":[{"embeddable":true,"href":"https:\/\/www.egemtv.com\/index.php?rest_route=\/wp\/v2\/users\/1"}],"replies":[{"embeddable":true,"href":"https:\/\/www.egemtv.com\/index.php?rest_route=%2Fwp%2Fv2%2Fcomments&post=11292"}],"version-history":[{"count":1,"href":"https:\/\/www.egemtv.com\/index.php?rest_route=\/wp\/v2\/posts\/11292\/revisions"}],"predecessor-version":[{"id":11294,"href":"https:\/\/www.egemtv.com\/index.php?rest_route=\/wp\/v2\/posts\/11292\/revisions\/11294"}],"wp:featuredmedia":[{"embeddable":true,"href":"https:\/\/www.egemtv.com\/index.php?rest_route=\/wp\/v2\/media\/11293"}],"wp:attachment":[{"href":"https:\/\/www.egemtv.com\/index.php?rest_route=%2Fwp%2Fv2%2Fmedia&parent=11292"}],"wp:term":[{"taxonomy":"category","embeddable":true,"href":"https:\/\/www.egemtv.com\/index.php?rest_route=%2Fwp%2Fv2%2Fcategories&post=11292"},{"taxonomy":"post_tag","embeddable":true,"href":"https:\/\/www.egemtv.com\/index.php?rest_route=%2Fwp%2Fv2%2Ftags&post=11292"}],"curies":[{"name":"wp","href":"https:\/\/api.w.org\/{rel}","templated":true}]}}