{"id":11289,"date":"2025-01-21T17:16:05","date_gmt":"2025-01-21T14:16:05","guid":{"rendered":"https:\/\/www.egemtv.com\/?p=11289"},"modified":"2025-01-21T17:16:07","modified_gmt":"2025-01-21T14:16:07","slug":"vali-canbolat-agcnin-yeni-yonetimini-agirladi","status":"publish","type":"post","link":"https:\/\/www.egemtv.com\/?p=11289","title":{"rendered":"Vali Canbolat AGC\u2019nin yeni y\u00f6netimini a\u011f\u0131rlad\u0131"},"content":{"rendered":"<p>Ayd\u0131n Gazeteciler Cemiyeti\u2019nin yeni y\u00f6netimi, Ayd\u0131n Valisi Yakup Canbolat\u2019\u0131 ziyaret etti.<\/p>\n<p>Ayd\u0131n Gazeteciler Cemiyeti (AGC) yeni y\u00f6netimi, Ayd\u0131n Valisi Yakup Canbolat\u2019\u0131 makam\u0131nda ziyaret etti. Ayd\u0131n Valili\u011fi\u2019nde ger\u00e7ekle\u015ftirilen toplant\u0131da, AGC Ba\u015fkan\u0131 Erman \u00c7etin ve y\u00f6netim kurulu \u00fcyeleri, Vali Canbolat ile bir araya geldi. Samimi bir atmosferde ger\u00e7ekle\u015fen ziyarette, Vali Canbolat, Erman \u00c7etin ve ekibini tebrik ederek yeni g\u00f6revlerinin hay\u0131rl\u0131 olmas\u0131n\u0131 diledi.  Toplant\u0131da, Ayd\u0131n bas\u0131n\u0131n\u0131n kar\u015f\u0131la\u015ft\u0131\u011f\u0131 sorunlar, gazetecilerin \u00e7al\u0131\u015fma \u015fartlar\u0131 kentteki yat\u0131r\u0131mlar ve Ayd\u0131n\u2019\u0131n gelece\u011fine y\u00f6nelik konular detayl\u0131 bir \u015fekilde ele al\u0131nd\u0131. Ziyaretin sonunda Vali Canbolat ve gazeteciler, hat\u0131ra foto\u011fraf\u0131 \u00e7ektirerek bu anlaml\u0131 bulu\u015fmay\u0131 \u00f6l\u00fcms\u00fczle\u015ftirdi.<br \/><\/p>\n","protected":false},"excerpt":{"rendered":"<p>Ayd\u0131n Gazeteciler Cemiyeti\u2019nin yeni y\u00f6netimi, Ayd\u0131n Valisi Yakup Canbolat\u2019\u0131 ziyaret etti. Ayd\u0131n Gazeteciler Cemiyeti (AGC) yeni y\u00f6netimi, Ayd\u0131n Valisi Yakup Canbolat\u2019\u0131 makam\u0131nda ziyaret etti. Ayd\u0131n Valili\u011fi\u2019nde ger\u00e7ekle\u015ftirilen toplant\u0131da, AGC Ba\u015fkan\u0131 Erman \u00c7etin ve y\u00f6netim kurulu \u00fcyeleri, Vali Canbolat ile bir araya geldi. Samimi bir atmosferde ger\u00e7ekle\u015fen ziyarette, Vali Canbolat, Erman \u00c7etin ve ekibini tebrik ederek&#8230;<\/p>\n","protected":false},"author":1,"featured_media":11290,"comment_status":"open","ping_status":"open","sticky":false,"template":"","format":"standard","meta":{"_crdt_document":"","footnotes":""},"categories":[1],"tags":[],"class_list":["post-11289","post","type-post","status-publish","format-standard","has-post-thumbnail","hentry","category-guncel"],"_links":{"self":[{"href":"https:\/\/www.egemtv.com\/index.php?rest_route=\/wp\/v2\/posts\/11289","targetHints":{"allow":["GET"]}}],"collection":[{"href":"https:\/\/www.egemtv.com\/index.php?rest_route=\/wp\/v2\/posts"}],"about":[{"href":"https:\/\/www.egemtv.com\/index.php?rest_route=\/wp\/v2\/types\/post"}],"author":[{"embeddable":true,"href":"https:\/\/www.egemtv.com\/index.php?rest_route=\/wp\/v2\/users\/1"}],"replies":[{"embeddable":true,"href":"https:\/\/www.egemtv.com\/index.php?rest_route=%2Fwp%2Fv2%2Fcomments&post=11289"}],"version-history":[{"count":1,"href":"https:\/\/www.egemtv.com\/index.php?rest_route=\/wp\/v2\/posts\/11289\/revisions"}],"predecessor-version":[{"id":11291,"href":"https:\/\/www.egemtv.com\/index.php?rest_route=\/wp\/v2\/posts\/11289\/revisions\/11291"}],"wp:featuredmedia":[{"embeddable":true,"href":"https:\/\/www.egemtv.com\/index.php?rest_route=\/wp\/v2\/media\/11290"}],"wp:attachment":[{"href":"https:\/\/www.egemtv.com\/index.php?rest_route=%2Fwp%2Fv2%2Fmedia&parent=11289"}],"wp:term":[{"taxonomy":"category","embeddable":true,"href":"https:\/\/www.egemtv.com\/index.php?rest_route=%2Fwp%2Fv2%2Fcategories&post=11289"},{"taxonomy":"post_tag","embeddable":true,"href":"https:\/\/www.egemtv.com\/index.php?rest_route=%2Fwp%2Fv2%2Ftags&post=11289"}],"curies":[{"name":"wp","href":"https:\/\/api.w.org\/{rel}","templated":true}]}}