{"id":11283,"date":"2025-01-21T16:43:03","date_gmt":"2025-01-21T13:43:03","guid":{"rendered":"https:\/\/www.egemtv.com\/?p=11283"},"modified":"2025-01-21T16:43:05","modified_gmt":"2025-01-21T13:43:05","slug":"nazilli-belediyesinden-guzelkoye-yeni-yol","status":"publish","type":"post","link":"https:\/\/www.egemtv.com\/?p=11283","title":{"rendered":"Nazilli Belediyesi\u2019nden G\u00fczelk\u00f6y\u2019e yeni yol"},"content":{"rendered":"<p>Nazilli Belediyesi, G\u00fczelk\u00f6y Mahallesi\u2019nde 2 bin metrekarelik alanda yol yap\u0131m \u00e7al\u0131\u015fmalar\u0131na ba\u015flad\u0131.<\/p>\n<p>Nazilli Belediyesi Fen \u0130\u015fleri M\u00fcd\u00fcrl\u00fc\u011f\u00fc, il\u00e7enin her noktas\u0131na hizmet g\u00f6t\u00fcrme hedefiyle \u00e7al\u0131\u015fmalar\u0131n\u0131 s\u00fcrd\u00fcr\u00fcyor. G\u00fczelk\u00f6y Mahallesi\u2019nde yakla\u015f\u0131k 2 bin metrekarelik alanda ba\u015flat\u0131lan yeni yol yap\u0131m projesiyle b\u00f6lge halk\u0131n\u0131n uzun zamand\u0131r bekledi\u011fi ula\u015f\u0131m sorununa \u00e7\u00f6z\u00fcm getirilecek. Duras\u0131ll\u0131- G\u00fczelk\u00f6y ba\u011flant\u0131 yolunda yap\u0131lan stabilize i\u015flemlerinin ard\u0131ndan parke ta\u015f\u0131 d\u00f6\u015feme \u00e7al\u0131\u015fmalar\u0131na ba\u015flayan ekipler, yolun modern ve uzun \u00f6m\u00fcrl\u00fc bir yap\u0131ya kavu\u015fmas\u0131 i\u00e7in \u00e7al\u0131\u015fmalar\u0131n\u0131 s\u00fcrd\u00fcr\u00fcyor.<\/p>\n<p>Yaln\u0131zca merkezi b\u00f6lgelerde de\u011fil, il\u00e7enin en uzak mahallelerinde bile e\u015fit hizmet anlay\u0131\u015f\u0131yla \u00e7al\u0131\u015ft\u0131klar\u0131n\u0131 kaydeden Nazilli Belediye Ba\u015fkan\u0131 Dr. Ertu\u011frul Tetik; &#8220;Temizlik, sosyal faaliyetler ve yol yap\u0131m \u00e7al\u0131\u015fmalar\u0131yla g\u00fczel \u015fehrimizin her noktas\u0131na hizmet g\u00f6t\u00fcrmeye devam ediyoruz. G\u00fczelk\u00f6y mahallemizdeki bu alan uzun zamand\u0131r yap\u0131lmay\u0131 bekliyordu. Gerekli saha incelemelerin ard\u0131ndan ekiplerimiz \u00e7al\u0131\u015fmalara ba\u015flad\u0131. Eme\u011fi ge\u00e7en t\u00fcm personelime te\u015fekk\u00fcr ediyorum. Yolumuzu en k\u0131sa s\u00fcrede tamamlay\u0131p hizmete a\u00e7aca\u011f\u0131z. Nazilimize hay\u0131rl\u0131 olsun&#8221; dedi.<br \/><\/p>\n","protected":false},"excerpt":{"rendered":"<p>Nazilli Belediyesi, G\u00fczelk\u00f6y Mahallesi\u2019nde 2 bin metrekarelik alanda yol yap\u0131m \u00e7al\u0131\u015fmalar\u0131na ba\u015flad\u0131. Nazilli Belediyesi Fen \u0130\u015fleri M\u00fcd\u00fcrl\u00fc\u011f\u00fc, il\u00e7enin her noktas\u0131na hizmet g\u00f6t\u00fcrme hedefiyle \u00e7al\u0131\u015fmalar\u0131n\u0131 s\u00fcrd\u00fcr\u00fcyor. G\u00fczelk\u00f6y Mahallesi\u2019nde yakla\u015f\u0131k 2 bin metrekarelik alanda ba\u015flat\u0131lan yeni yol yap\u0131m projesiyle b\u00f6lge halk\u0131n\u0131n uzun zamand\u0131r bekledi\u011fi ula\u015f\u0131m sorununa \u00e7\u00f6z\u00fcm getirilecek. Duras\u0131ll\u0131- G\u00fczelk\u00f6y ba\u011flant\u0131 yolunda yap\u0131lan stabilize i\u015flemlerinin ard\u0131ndan parke&#8230;<\/p>\n","protected":false},"author":1,"featured_media":11284,"comment_status":"open","ping_status":"open","sticky":false,"template":"","format":"standard","meta":{"_crdt_document":"","footnotes":""},"categories":[1],"tags":[],"class_list":["post-11283","post","type-post","status-publish","format-standard","has-post-thumbnail","hentry","category-guncel"],"_links":{"self":[{"href":"https:\/\/www.egemtv.com\/index.php?rest_route=\/wp\/v2\/posts\/11283","targetHints":{"allow":["GET"]}}],"collection":[{"href":"https:\/\/www.egemtv.com\/index.php?rest_route=\/wp\/v2\/posts"}],"about":[{"href":"https:\/\/www.egemtv.com\/index.php?rest_route=\/wp\/v2\/types\/post"}],"author":[{"embeddable":true,"href":"https:\/\/www.egemtv.com\/index.php?rest_route=\/wp\/v2\/users\/1"}],"replies":[{"embeddable":true,"href":"https:\/\/www.egemtv.com\/index.php?rest_route=%2Fwp%2Fv2%2Fcomments&post=11283"}],"version-history":[{"count":1,"href":"https:\/\/www.egemtv.com\/index.php?rest_route=\/wp\/v2\/posts\/11283\/revisions"}],"predecessor-version":[{"id":11285,"href":"https:\/\/www.egemtv.com\/index.php?rest_route=\/wp\/v2\/posts\/11283\/revisions\/11285"}],"wp:featuredmedia":[{"embeddable":true,"href":"https:\/\/www.egemtv.com\/index.php?rest_route=\/wp\/v2\/media\/11284"}],"wp:attachment":[{"href":"https:\/\/www.egemtv.com\/index.php?rest_route=%2Fwp%2Fv2%2Fmedia&parent=11283"}],"wp:term":[{"taxonomy":"category","embeddable":true,"href":"https:\/\/www.egemtv.com\/index.php?rest_route=%2Fwp%2Fv2%2Fcategories&post=11283"},{"taxonomy":"post_tag","embeddable":true,"href":"https:\/\/www.egemtv.com\/index.php?rest_route=%2Fwp%2Fv2%2Ftags&post=11283"}],"curies":[{"name":"wp","href":"https:\/\/api.w.org\/{rel}","templated":true}]}}