{"id":11280,"date":"2025-01-21T16:40:05","date_gmt":"2025-01-21T13:40:05","guid":{"rendered":"https:\/\/www.egemtv.com\/?p=11280"},"modified":"2025-01-21T16:40:07","modified_gmt":"2025-01-21T13:40:07","slug":"aydinda-bir-kisiyi-silahla-yaralayan-supheli-tutuklandi","status":"publish","type":"post","link":"https:\/\/www.egemtv.com\/?p=11280","title":{"rendered":"Ayd\u0131n\u2019da bir ki\u015fiyi silahla yaralayan \u015f\u00fcpheli tutukland\u0131"},"content":{"rendered":"<p>Ayd\u0131n\u2019\u0131n Efeler il\u00e7esinde y\u00fckl\u00fc miktarda alaca\u011f\u0131 oldu\u011fu \u00f6\u011frenilen \u00d6.L.A\u2019y\u0131 baca\u011f\u0131ndan silahla yaralayan \u015f\u00fcpheli \u00d6.\u00c7., sevk edildi\u011fi mahkemede tutukland\u0131.<\/p>\n<p>Olay, Efeler il\u00e7esinde Ala\u00e7am Caddesi \u00fczerindeki bir k\u0131raathanede d\u00fcn ak\u015fam saatlerinde meydana geldi. Edinilen bilgiye g\u00f6re, \u00d6.\u00c7, y\u00fckl\u00fc miktarda alaca\u011f\u0131 oldu\u011fu \u00d6.L.A ile k\u0131raathanede bulu\u015ftu. \u0130ki ki\u015fi aras\u0131nda \u00e7\u0131kan alacak verecek tart\u0131\u015fmas\u0131n\u0131n b\u00fcy\u00fcd\u00fc\u011f\u00fc olayda \u00d6.\u00c7. yan\u0131ndaki silahla \u00d6.L.A\u2019y\u0131 baca\u011f\u0131ndan vurup yaralad\u0131. \u00d6.L.A kanlar i\u00e7inde yere y\u0131\u011f\u0131l\u0131rken k\u0131raathanedeki vatanda\u015flar\u0131n ihbar\u0131 \u00fczerine olay yerine sa\u011fl\u0131k ve polis ekipleri sevk edildi. Yaral\u0131ya ilk m\u00fcdahale olay yerinden yap\u0131ld\u0131ktan sonra hastaneye kald\u0131r\u0131ld\u0131. Sald\u0131rgan \u00d6.\u00c7. ise silah\u0131 ile karakola giderek teslim oldu. Emniyetteki i\u015flemlerin ard\u0131ndan \u015f\u00fcpheli, adliyeye sevk edildi. \u015e\u00fcpheli \u00d6.\u00c7, \u00e7\u0131kar\u0131ld\u0131\u011f\u0131 mahkemede tutuklanarak cezaevine g\u00f6nderildi.<br \/><\/p>\n","protected":false},"excerpt":{"rendered":"<p>Ayd\u0131n\u2019\u0131n Efeler il\u00e7esinde y\u00fckl\u00fc miktarda alaca\u011f\u0131 oldu\u011fu \u00f6\u011frenilen \u00d6.L.A\u2019y\u0131 baca\u011f\u0131ndan silahla yaralayan \u015f\u00fcpheli \u00d6.\u00c7., sevk edildi\u011fi mahkemede tutukland\u0131. Olay, Efeler il\u00e7esinde Ala\u00e7am Caddesi \u00fczerindeki bir k\u0131raathanede d\u00fcn ak\u015fam saatlerinde meydana geldi. Edinilen bilgiye g\u00f6re, \u00d6.\u00c7, y\u00fckl\u00fc miktarda alaca\u011f\u0131 oldu\u011fu \u00d6.L.A ile k\u0131raathanede bulu\u015ftu. \u0130ki ki\u015fi aras\u0131nda \u00e7\u0131kan alacak verecek tart\u0131\u015fmas\u0131n\u0131n b\u00fcy\u00fcd\u00fc\u011f\u00fc olayda \u00d6.\u00c7. yan\u0131ndaki silahla&#8230;<\/p>\n","protected":false},"author":1,"featured_media":11281,"comment_status":"open","ping_status":"open","sticky":false,"template":"","format":"standard","meta":{"_crdt_document":"","footnotes":""},"categories":[5],"tags":[],"class_list":["post-11280","post","type-post","status-publish","format-standard","has-post-thumbnail","hentry","category-asayis"],"_links":{"self":[{"href":"https:\/\/www.egemtv.com\/index.php?rest_route=\/wp\/v2\/posts\/11280","targetHints":{"allow":["GET"]}}],"collection":[{"href":"https:\/\/www.egemtv.com\/index.php?rest_route=\/wp\/v2\/posts"}],"about":[{"href":"https:\/\/www.egemtv.com\/index.php?rest_route=\/wp\/v2\/types\/post"}],"author":[{"embeddable":true,"href":"https:\/\/www.egemtv.com\/index.php?rest_route=\/wp\/v2\/users\/1"}],"replies":[{"embeddable":true,"href":"https:\/\/www.egemtv.com\/index.php?rest_route=%2Fwp%2Fv2%2Fcomments&post=11280"}],"version-history":[{"count":1,"href":"https:\/\/www.egemtv.com\/index.php?rest_route=\/wp\/v2\/posts\/11280\/revisions"}],"predecessor-version":[{"id":11282,"href":"https:\/\/www.egemtv.com\/index.php?rest_route=\/wp\/v2\/posts\/11280\/revisions\/11282"}],"wp:featuredmedia":[{"embeddable":true,"href":"https:\/\/www.egemtv.com\/index.php?rest_route=\/wp\/v2\/media\/11281"}],"wp:attachment":[{"href":"https:\/\/www.egemtv.com\/index.php?rest_route=%2Fwp%2Fv2%2Fmedia&parent=11280"}],"wp:term":[{"taxonomy":"category","embeddable":true,"href":"https:\/\/www.egemtv.com\/index.php?rest_route=%2Fwp%2Fv2%2Fcategories&post=11280"},{"taxonomy":"post_tag","embeddable":true,"href":"https:\/\/www.egemtv.com\/index.php?rest_route=%2Fwp%2Fv2%2Ftags&post=11280"}],"curies":[{"name":"wp","href":"https:\/\/api.w.org\/{rel}","templated":true}]}}