{"id":11277,"date":"2025-01-21T16:40:01","date_gmt":"2025-01-21T13:40:01","guid":{"rendered":"https:\/\/www.egemtv.com\/?p=11277"},"modified":"2025-01-21T16:40:05","modified_gmt":"2025-01-21T13:40:05","slug":"uyusturucu-saticisi-ciktigi-cezaevine-geri-dondu","status":"publish","type":"post","link":"https:\/\/www.egemtv.com\/?p=11277","title":{"rendered":"Uyu\u015fturucu sat\u0131c\u0131s\u0131 \u00e7\u0131kt\u0131\u011f\u0131 cezaevine geri d\u00f6nd\u00fc"},"content":{"rendered":"<p>Ayd\u0131n\u2019\u0131n \u0130ncirliova il\u00e7esinde uyu\u015fturucu ticareti yapt\u0131\u011f\u0131 belirlenen 3 \u015f\u00fcphelinin evine bask\u0131n yap\u0131ld\u0131. G\u00f6zalt\u0131na al\u0131nan \u015f\u00fcphelilerden biri tutuklan\u0131rken tutuklanan A.E.\u2019nin bir bu\u00e7uk ay \u00f6nce cezaevinden \u00e7\u0131kt\u0131\u011f\u0131 ortaya \u00e7\u0131kt\u0131.<\/p>\n<p>\u0130ncirliova \u0130l\u00e7e Emniyet M\u00fcd\u00fcrl\u00fc\u011f\u00fc ekipleri, uyu\u015fturucu ticareti yapt\u0131klar\u0131 tespit edilen A.E.(31), G.E.(33) ve N.E.(30) isimli \u015f\u00fcphelilerin adreslerine bask\u0131n yapt\u0131. \u015e\u00fcphelilerin evinde arama yap\u0131ld\u0131. A.E.\u2019nin evinde 53 gram metamfetamin, G.E. ve N.E.\u2019nin ikametinde yap\u0131lan aramada ise 18,90 gram metamfetamin maddesi ele ge\u00e7irildi. A.E.\u2019nin bir cep telefonuna el konuldu. G\u00f6zalt\u0131na al\u0131nan 3 \u015f\u00fcpheli, ifadeleri al\u0131nmak \u00fczere emniyete g\u00f6t\u00fcr\u00fcld\u00fc. A.E.\u2019nin 19, G.E.\u2019nin 29 su\u00e7 kayd\u0131n\u0131n oldu\u011fu \u00f6\u011frenildi. Emniyetteki i\u015flemlerinin ard\u0131ndan \u015f\u00fcpheliler, Ayd\u0131n Adliyesi\u2019ne sevk edildi. \u00c7\u0131kar\u0131ld\u0131\u011f\u0131 mahkemede A.E. uyu\u015fturucu madde sat\u0131\u015f\u0131 yapmaktan dolay\u0131 tutuklanarak ceza evine g\u00f6nderildi. Di\u011fer \u015f\u00fcphelilerin ise serbest b\u0131rak\u0131ld\u0131\u011f\u0131 \u00f6\u011frenildi. Ayr\u0131ca A.E.\u2019nin bir bu\u00e7uk ay \u00f6nce ayn\u0131 su\u00e7tan yatt\u0131\u011f\u0131 ceza evinden \u00e7\u0131kt\u0131\u011f\u0131 \u00f6\u011frenildi.<br \/><\/p>\n","protected":false},"excerpt":{"rendered":"<p>Ayd\u0131n\u2019\u0131n \u0130ncirliova il\u00e7esinde uyu\u015fturucu ticareti yapt\u0131\u011f\u0131 belirlenen 3 \u015f\u00fcphelinin evine bask\u0131n yap\u0131ld\u0131. G\u00f6zalt\u0131na al\u0131nan \u015f\u00fcphelilerden biri tutuklan\u0131rken tutuklanan A.E.\u2019nin bir bu\u00e7uk ay \u00f6nce cezaevinden \u00e7\u0131kt\u0131\u011f\u0131 ortaya \u00e7\u0131kt\u0131. \u0130ncirliova \u0130l\u00e7e Emniyet M\u00fcd\u00fcrl\u00fc\u011f\u00fc ekipleri, uyu\u015fturucu ticareti yapt\u0131klar\u0131 tespit edilen A.E.(31), G.E.(33) ve N.E.(30) isimli \u015f\u00fcphelilerin adreslerine bask\u0131n yapt\u0131. \u015e\u00fcphelilerin evinde arama yap\u0131ld\u0131. A.E.\u2019nin evinde 53 gram metamfetamin,&#8230;<\/p>\n","protected":false},"author":1,"featured_media":11278,"comment_status":"open","ping_status":"open","sticky":false,"template":"","format":"standard","meta":{"_crdt_document":"","footnotes":""},"categories":[5],"tags":[],"class_list":["post-11277","post","type-post","status-publish","format-standard","has-post-thumbnail","hentry","category-asayis"],"_links":{"self":[{"href":"https:\/\/www.egemtv.com\/index.php?rest_route=\/wp\/v2\/posts\/11277","targetHints":{"allow":["GET"]}}],"collection":[{"href":"https:\/\/www.egemtv.com\/index.php?rest_route=\/wp\/v2\/posts"}],"about":[{"href":"https:\/\/www.egemtv.com\/index.php?rest_route=\/wp\/v2\/types\/post"}],"author":[{"embeddable":true,"href":"https:\/\/www.egemtv.com\/index.php?rest_route=\/wp\/v2\/users\/1"}],"replies":[{"embeddable":true,"href":"https:\/\/www.egemtv.com\/index.php?rest_route=%2Fwp%2Fv2%2Fcomments&post=11277"}],"version-history":[{"count":1,"href":"https:\/\/www.egemtv.com\/index.php?rest_route=\/wp\/v2\/posts\/11277\/revisions"}],"predecessor-version":[{"id":11279,"href":"https:\/\/www.egemtv.com\/index.php?rest_route=\/wp\/v2\/posts\/11277\/revisions\/11279"}],"wp:featuredmedia":[{"embeddable":true,"href":"https:\/\/www.egemtv.com\/index.php?rest_route=\/wp\/v2\/media\/11278"}],"wp:attachment":[{"href":"https:\/\/www.egemtv.com\/index.php?rest_route=%2Fwp%2Fv2%2Fmedia&parent=11277"}],"wp:term":[{"taxonomy":"category","embeddable":true,"href":"https:\/\/www.egemtv.com\/index.php?rest_route=%2Fwp%2Fv2%2Fcategories&post=11277"},{"taxonomy":"post_tag","embeddable":true,"href":"https:\/\/www.egemtv.com\/index.php?rest_route=%2Fwp%2Fv2%2Ftags&post=11277"}],"curies":[{"name":"wp","href":"https:\/\/api.w.org\/{rel}","templated":true}]}}