{"id":11274,"date":"2025-01-21T16:34:18","date_gmt":"2025-01-21T13:34:18","guid":{"rendered":"https:\/\/www.egemtv.com\/?p=11274"},"modified":"2025-01-21T16:34:20","modified_gmt":"2025-01-21T13:34:20","slug":"yasar-tokun-adi-yunusemrede-yasayacak","status":"publish","type":"post","link":"https:\/\/www.egemtv.com\/?p=11274","title":{"rendered":"Ya\u015far Tok\u2019un ad\u0131 Yunusemre\u2019de ya\u015fayacak"},"content":{"rendered":"<p>Yunusmre Belediyesi, Emekli Manisa Vali Yard\u0131mc\u0131s\u0131 Ya\u015far Tok\u2019un ad\u0131n\u0131 Uncubozk\u00f6y\u2019de soka\u011fa verdi.<br \/>\n<br \/>Yunusemre Belediye Meclisi\u2019nin ge\u00e7ti\u011fimiz y\u0131l ay\u0131 temmuz ay\u0131 meclis toplant\u0131s\u0131nda oy birli\u011fiyle ald\u0131\u011f\u0131 kararla Uncubozk\u00f6y Mahallesi 5519 soka\u011f\u0131n ad\u0131 de\u011fi\u015ferek, Emekli Manisa Vali Yard\u0131mc\u0131s\u0131 Ya\u015far Tok\u2019un ad\u0131 verildi. Tabela de\u011fi\u015fimine Yunusemre Belediye Ba\u015fkan\u0131 Semih Balaban, Ya\u015far Tok\u2019un e\u015fi Ferhunde Tok ve k\u0131z\u0131 ile Yunusemre CHP Meclis \u00fcyeleri kat\u0131ld\u0131. Ya\u015far Tok\u2019un topluma iyi bir rol model oldu\u011funa vurgu yapan Ba\u015fkan Balaban, onun an\u0131s\u0131n\u0131 ya\u015fatmak ad\u0131na soka\u011fa ismini verdiklerini s\u00f6yledi.<\/p>\n<p>\u2018Ondan \u00e7ok \u015fey \u00f6\u011frendik\u2019<br \/>\n<br \/>Belediye Ba\u015fkan\u0131 Balaban, \u201cDe\u011ferli b\u00fcy\u00fc\u011f\u00fcm\u00fcz Ya\u015far Tok, Kemalist ayd\u0131nlanman\u0131n stratejik insanlar\u0131ndan biriydi. \u0130yi bir Atat\u00fcrk\u00e7\u00fc, iyi bir toplumcu, iyi bir b\u00fcrokratt\u0131. Ondan nezaketi, sayg\u0131y\u0131 ve sevgiyi \u00f6\u011frendik. Unutmad\u0131k\u00e7a ya\u015fat\u0131rs\u0131n, unutulmad\u0131k\u00e7a ya\u015fars\u0131n. Aram\u0131zda olmasa da Ya\u015far Abimiz, onu ya\u015fat\u0131p sevgiyle sayg\u0131yla anaca\u011f\u0131z. Her zaman bizim ba\u015f tac\u0131m\u0131z olacak. Bu karar\u0131 oy birli\u011fiyle ald\u0131\u011f\u0131m\u0131z i\u00e7in \u00e7ok mutluyuz. Ya\u015far Tok soka\u011f\u0131na girenler her zaman onu hat\u0131rlayacak. Ailesine tekrar ba\u015f sa\u011fl\u0131\u011f\u0131 diliyorum\u201d dedi.<br \/><\/p>\n","protected":false},"excerpt":{"rendered":"<p>Yunusmre Belediyesi, Emekli Manisa Vali Yard\u0131mc\u0131s\u0131 Ya\u015far Tok\u2019un ad\u0131n\u0131 Uncubozk\u00f6y\u2019de soka\u011fa verdi. Yunusemre Belediye Meclisi\u2019nin ge\u00e7ti\u011fimiz y\u0131l ay\u0131 temmuz ay\u0131 meclis toplant\u0131s\u0131nda oy birli\u011fiyle ald\u0131\u011f\u0131 kararla Uncubozk\u00f6y Mahallesi 5519 soka\u011f\u0131n ad\u0131 de\u011fi\u015ferek, Emekli Manisa Vali Yard\u0131mc\u0131s\u0131 Ya\u015far Tok\u2019un ad\u0131 verildi. Tabela de\u011fi\u015fimine Yunusemre Belediye Ba\u015fkan\u0131 Semih Balaban, Ya\u015far Tok\u2019un e\u015fi Ferhunde Tok ve k\u0131z\u0131 ile&#8230;<\/p>\n","protected":false},"author":1,"featured_media":11275,"comment_status":"open","ping_status":"open","sticky":false,"template":"","format":"standard","meta":{"_crdt_document":"","footnotes":""},"categories":[127],"tags":[],"class_list":["post-11274","post","type-post","status-publish","format-standard","has-post-thumbnail","hentry","category-siyaset"],"_links":{"self":[{"href":"https:\/\/www.egemtv.com\/index.php?rest_route=\/wp\/v2\/posts\/11274","targetHints":{"allow":["GET"]}}],"collection":[{"href":"https:\/\/www.egemtv.com\/index.php?rest_route=\/wp\/v2\/posts"}],"about":[{"href":"https:\/\/www.egemtv.com\/index.php?rest_route=\/wp\/v2\/types\/post"}],"author":[{"embeddable":true,"href":"https:\/\/www.egemtv.com\/index.php?rest_route=\/wp\/v2\/users\/1"}],"replies":[{"embeddable":true,"href":"https:\/\/www.egemtv.com\/index.php?rest_route=%2Fwp%2Fv2%2Fcomments&post=11274"}],"version-history":[{"count":1,"href":"https:\/\/www.egemtv.com\/index.php?rest_route=\/wp\/v2\/posts\/11274\/revisions"}],"predecessor-version":[{"id":11276,"href":"https:\/\/www.egemtv.com\/index.php?rest_route=\/wp\/v2\/posts\/11274\/revisions\/11276"}],"wp:featuredmedia":[{"embeddable":true,"href":"https:\/\/www.egemtv.com\/index.php?rest_route=\/wp\/v2\/media\/11275"}],"wp:attachment":[{"href":"https:\/\/www.egemtv.com\/index.php?rest_route=%2Fwp%2Fv2%2Fmedia&parent=11274"}],"wp:term":[{"taxonomy":"category","embeddable":true,"href":"https:\/\/www.egemtv.com\/index.php?rest_route=%2Fwp%2Fv2%2Fcategories&post=11274"},{"taxonomy":"post_tag","embeddable":true,"href":"https:\/\/www.egemtv.com\/index.php?rest_route=%2Fwp%2Fv2%2Ftags&post=11274"}],"curies":[{"name":"wp","href":"https:\/\/api.w.org\/{rel}","templated":true}]}}