{"id":11271,"date":"2025-01-21T16:29:01","date_gmt":"2025-01-21T13:29:01","guid":{"rendered":"https:\/\/www.egemtv.com\/?p=11271"},"modified":"2025-01-21T16:29:03","modified_gmt":"2025-01-21T13:29:03","slug":"hisarcik-ilce-ozel-idaresine-hibe-yeni-cop-toplama-kamyonu-ve-65-cop-konteyneri","status":"publish","type":"post","link":"https:\/\/www.egemtv.com\/?p=11271","title":{"rendered":"Hisarc\u0131k \u0130l\u00e7e \u00d6zel \u0130daresine hibe yeni \u00e7\u00f6p toplama kamyonu ve 65 \u00e7\u00f6p konteyneri"},"content":{"rendered":"<p>K\u00fctahya \u0130l \u00d6zel \u0130daresinin deste\u011fiyle \u00c7evre ve \u015eehircilik Bakanl\u0131\u011f\u0131ndan Hisarc\u0131k \u0130l\u00e7e \u00d6zel \u0130daresine yeni \u00e7\u00f6p toplama kamyonu ve 65 \u00e7\u00f6p konteyneri hibe edildi\u011fi \u00f6\u011frenildi.<br \/>\n<br \/>\u0130l\u00e7eye ba\u011fl\u0131 25 k\u00f6ydeki at\u0131klar\u0131n toplanmas\u0131 amac\u0131yla \u0130l \u00d6zel \u0130daresinin deste\u011fiyle \u00c7evre ve \u015eehircilik Bakanl\u0131\u011f\u0131ndan  \u0130l\u00e7e \u00d6zel \u0130daresine hibe edilen yeni \u00e7\u00f6p toplama kamyonu hizmete girerken, hibe 65 \u00e7\u00f6p konteyneri de k\u00f6ylere da\u011f\u0131t\u0131ld\u0131. Yeni \u00e7\u00f6p kamyonunun il\u00e7eye hay\u0131rl\u0131 u\u011furlu olmas\u0131n\u0131 dileyen Kaymakam Muhammet Samet Bahar, \u00e7\u00f6p kamyonunun il\u00e7eye kazand\u0131r\u0131lmas\u0131na eme\u011fi ge\u00e7en herkese te\u015fekk\u00fcr etti.<br \/><\/p>\n","protected":false},"excerpt":{"rendered":"<p>K\u00fctahya \u0130l \u00d6zel \u0130daresinin deste\u011fiyle \u00c7evre ve \u015eehircilik Bakanl\u0131\u011f\u0131ndan Hisarc\u0131k \u0130l\u00e7e \u00d6zel \u0130daresine yeni \u00e7\u00f6p toplama kamyonu ve 65 \u00e7\u00f6p konteyneri hibe edildi\u011fi \u00f6\u011frenildi. \u0130l\u00e7eye ba\u011fl\u0131 25 k\u00f6ydeki at\u0131klar\u0131n toplanmas\u0131 amac\u0131yla \u0130l \u00d6zel \u0130daresinin deste\u011fiyle \u00c7evre ve \u015eehircilik Bakanl\u0131\u011f\u0131ndan \u0130l\u00e7e \u00d6zel \u0130daresine hibe edilen yeni \u00e7\u00f6p toplama kamyonu hizmete girerken, hibe 65 \u00e7\u00f6p konteyneri de&#8230;<\/p>\n","protected":false},"author":1,"featured_media":11272,"comment_status":"open","ping_status":"open","sticky":false,"template":"","format":"standard","meta":{"_crdt_document":"","footnotes":""},"categories":[125],"tags":[],"class_list":["post-11271","post","type-post","status-publish","format-standard","has-post-thumbnail","hentry","category-ekonomi"],"_links":{"self":[{"href":"https:\/\/www.egemtv.com\/index.php?rest_route=\/wp\/v2\/posts\/11271","targetHints":{"allow":["GET"]}}],"collection":[{"href":"https:\/\/www.egemtv.com\/index.php?rest_route=\/wp\/v2\/posts"}],"about":[{"href":"https:\/\/www.egemtv.com\/index.php?rest_route=\/wp\/v2\/types\/post"}],"author":[{"embeddable":true,"href":"https:\/\/www.egemtv.com\/index.php?rest_route=\/wp\/v2\/users\/1"}],"replies":[{"embeddable":true,"href":"https:\/\/www.egemtv.com\/index.php?rest_route=%2Fwp%2Fv2%2Fcomments&post=11271"}],"version-history":[{"count":1,"href":"https:\/\/www.egemtv.com\/index.php?rest_route=\/wp\/v2\/posts\/11271\/revisions"}],"predecessor-version":[{"id":11273,"href":"https:\/\/www.egemtv.com\/index.php?rest_route=\/wp\/v2\/posts\/11271\/revisions\/11273"}],"wp:featuredmedia":[{"embeddable":true,"href":"https:\/\/www.egemtv.com\/index.php?rest_route=\/wp\/v2\/media\/11272"}],"wp:attachment":[{"href":"https:\/\/www.egemtv.com\/index.php?rest_route=%2Fwp%2Fv2%2Fmedia&parent=11271"}],"wp:term":[{"taxonomy":"category","embeddable":true,"href":"https:\/\/www.egemtv.com\/index.php?rest_route=%2Fwp%2Fv2%2Fcategories&post=11271"},{"taxonomy":"post_tag","embeddable":true,"href":"https:\/\/www.egemtv.com\/index.php?rest_route=%2Fwp%2Fv2%2Ftags&post=11271"}],"curies":[{"name":"wp","href":"https:\/\/api.w.org\/{rel}","templated":true}]}}