{"id":11268,"date":"2025-01-21T16:28:59","date_gmt":"2025-01-21T13:28:59","guid":{"rendered":"https:\/\/www.egemtv.com\/?p=11268"},"modified":"2025-01-21T16:29:00","modified_gmt":"2025-01-21T13:29:00","slug":"aydinda-yilin-ilk-koordinasyon-kurulu-toplantisi-yapildi","status":"publish","type":"post","link":"https:\/\/www.egemtv.com\/?p=11268","title":{"rendered":"Ayd\u0131n\u2019da y\u0131l\u0131n ilk koordinasyon kurulu toplant\u0131s\u0131 yap\u0131ld\u0131"},"content":{"rendered":"<p>Ayd\u0131n\u2019da 2025 y\u0131l\u0131n\u0131n ilk \u0130l Koordinasyon Kurulu Toplant\u0131s\u0131 ger\u00e7ekle\u015ftirilirken, en \u00e7ok harcama yapan kurum Devlet Su \u0130\u015fleri (DS\u0130) 21. B\u00f6lge M\u00fcd\u00fcrl\u00fc\u011f\u00fc oldu.<\/p>\n<p>Ayd\u0131n \u0130l Koordinasyon Kurulu\u2019nun 2025 y\u0131l\u0131 1. D\u00f6nem Toplant\u0131s\u0131, Ayd\u0131n Vali Yard\u0131mc\u0131s\u0131 Bilgehan Bayar ba\u015fkanl\u0131\u011f\u0131nda ger\u00e7ekle\u015ftirildi. Yat\u0131r\u0131m \u0130zleme ve Koordinasyon Ba\u015fkanl\u0131\u011f\u0131 (Y\u0130KOB) Toplant\u0131 Salonu\u2019nda d\u00fczenlenen toplant\u0131da, 2024 y\u0131l\u0131 i\u00e7erisinde yap\u0131lan yat\u0131r\u0131mlar de\u011ferlendirilirken, 2025 y\u0131l\u0131ndaki projeler de g\u00f6r\u00fc\u015f\u00fcld\u00fc. Ayd\u0131n genelinde 2024 y\u0131l\u0131nda uygulanan 457 projeden 116 adedinin tamamland\u0131\u011f\u0131n\u0131 ifade eden Ayd\u0131n Vali Yard\u0131mc\u0131s\u0131 Bilgehan Bayar, geriye kalan 341 adet projenin de 188 adedinin devam etti\u011fini, 7 adedinin ihale a\u015famas\u0131nda oldu\u011funu, 93 adedinin ise \u00e7e\u015fitli nedenlerden dolay\u0131 ba\u015flanamad\u0131\u011f\u0131n\u0131 belirtti. \u0130l genelinde uygulanan projelerin genel toplam\u0131nda toplam proje tutar\u0131n\u0131n 56 milyar 878 milyon 678 bin TL, \u00f6nceki y\u0131llar harcamas\u0131 12 milyar 348 milyon 40 bin TL, 2024 y\u0131l\u0131 \u00f6dene\u011fi 17 milyar 98 milyon 279 bin TL oldu\u011funu s\u00f6zlerine ekleyen Vali Yard\u0131mc\u0131s\u0131 Bayar, 2024 y\u0131l\u0131 harcamas\u0131n\u0131n ise 14 milyar 354 milyon 598 bin TL oldu\u011funu, toplam harcama tutar\u0131n\u0131n ise 26 milyar 702 milyon 638 bin TL oldu\u011funu a\u00e7\u0131klad\u0131.<\/p>\n<p>Yat\u0131r\u0131mc\u0131 kurulu\u015flarca 2024 y\u0131l\u0131 \u00f6dene\u011finin sekt\u00f6rlere g\u00f6re da\u011f\u0131l\u0131m\u0131na bak\u0131ld\u0131\u011f\u0131nda ise ilk 3\u2019te yer alan sekt\u00f6rler s\u0131ralamas\u0131yla Di\u011fer Kamu Hizmetleri-Sosyal 5 milyar 277 milyon 730 bin TL harcamayla 1. s\u0131rada, Sa\u011fl\u0131k 3 milyar 200 milyon 470 bin TL ile 2. s\u0131rada, Ula\u015ft\u0131rma-Haberle\u015fme sekt\u00f6r\u00fc ise 2 milyar 77 milyon 849 bin TL harcamayla 3. s\u0131rada yer ald\u0131.<\/p>\n<p>Kurumlar baz\u0131nda toplam harcama tutarlar\u0131na bak\u0131ld\u0131\u011f\u0131nda ise DS\u0130 21. B\u00f6lge M\u00fcd\u00fcrl\u00fc\u011f\u00fc 6 milyar 799 milyon 224 bin TL harcamayla 1. s\u0131rada, Ayd\u0131n \u0130l Sa\u011fl\u0131k M\u00fcd\u00fcrl\u00fc\u011f\u00fc 6 milyar 571 milyon 188 bin TL harcamayla 2. s\u0131rada, Karayollar\u0131 2. B\u00f6lge M\u00fcd\u00fcrl\u00fc\u011f\u00fc ise 3 milyar 247 milyon 650 bin TL harcamayla 3. s\u0131rada yer ald\u0131.<\/p>\n<p>\u201cBirlik, beraberlik ve dayan\u0131\u015fma i\u00e7inde \u00e7al\u0131\u015faca\u011f\u0131z\u201d<br \/>\n<br \/>Yat\u0131r\u0131mlar\u0131n ger\u00e7ekle\u015fmesi konusunda \u00e7al\u0131\u015fma g\u00f6steren t\u00fcm kurumlara te\u015fekk\u00fcr eden Vali Yard\u0131mc\u0131s\u0131 Bilgehan Bayar, hedefe ula\u015fmak i\u00e7in birlik beraberlik i\u00e7inde \u00e7al\u0131\u015f\u0131laca\u011f\u0131na dikkat \u00e7ekerek \u201cHer zaman oldu\u011fu gibi yat\u0131r\u0131mlar\u0131m\u0131z\u0131n ger\u00e7ekle\u015fmesinde, halk\u0131m\u0131za hizmet verilmesinde ilimizdeki kamu ve \u00f6zel sekt\u00f6r kurumlar\u0131n\u0131n birlik, beraberlik ve dayan\u0131\u015fma i\u00e7erisinde \u00e7al\u0131\u015facaklar\u0131na, program hedeflerine mutlaka ula\u015facaklar\u0131na inan\u0131yorum. \u00d6nemli bir sorun ve darbo\u011fazla kar\u015f\u0131la\u015f\u0131ld\u0131\u011f\u0131nda mutlaka ilgili kurumlar\u0131n diyalog halinde, iyi niyetli ve \u00e7\u00f6z\u00fcm odakl\u0131 olarak davranmalar\u0131n\u0131, \u00e7\u00f6z\u00fclemeyen herhangi bir sorun oldu\u011fu takdirde en k\u0131sa s\u00fcrede Valili\u011fimize bildirmelerini istiyorum. \u0130limizin geli\u015fmesi ve kalk\u0131nmas\u0131nda \u00e7aba g\u00f6steren, \u00e7al\u0131\u015fan t\u00fcm ki\u015fi ve kurulu\u015flara te\u015fekk\u00fcr ediyor ve ba\u015far\u0131lar\u0131n\u0131n devam\u0131n\u0131 diliyorum\u201d dedi.<\/p>\n<p>Vali Yard\u0131mc\u0131s\u0131 Bayar\u2019\u0131n a\u00e7\u0131l\u0131\u015f konu\u015fmas\u0131n\u0131n ard\u0131ndan kurum temsilcileri, kurumlar\u0131yla ilgili yat\u0131r\u0131mlarda gelinen son noktaya ili\u015fkin sunum ger\u00e7ekle\u015ftirdi.<br \/><\/p>\n","protected":false},"excerpt":{"rendered":"<p>Ayd\u0131n\u2019da 2025 y\u0131l\u0131n\u0131n ilk \u0130l Koordinasyon Kurulu Toplant\u0131s\u0131 ger\u00e7ekle\u015ftirilirken, en \u00e7ok harcama yapan kurum Devlet Su \u0130\u015fleri (DS\u0130) 21. B\u00f6lge M\u00fcd\u00fcrl\u00fc\u011f\u00fc oldu. Ayd\u0131n \u0130l Koordinasyon Kurulu\u2019nun 2025 y\u0131l\u0131 1. D\u00f6nem Toplant\u0131s\u0131, Ayd\u0131n Vali Yard\u0131mc\u0131s\u0131 Bilgehan Bayar ba\u015fkanl\u0131\u011f\u0131nda ger\u00e7ekle\u015ftirildi. Yat\u0131r\u0131m \u0130zleme ve Koordinasyon Ba\u015fkanl\u0131\u011f\u0131 (Y\u0130KOB) Toplant\u0131 Salonu\u2019nda d\u00fczenlenen toplant\u0131da, 2024 y\u0131l\u0131 i\u00e7erisinde yap\u0131lan yat\u0131r\u0131mlar de\u011ferlendirilirken, 2025&#8230;<\/p>\n","protected":false},"author":1,"featured_media":11269,"comment_status":"open","ping_status":"open","sticky":false,"template":"","format":"standard","meta":{"_crdt_document":"","footnotes":""},"categories":[125],"tags":[],"class_list":["post-11268","post","type-post","status-publish","format-standard","has-post-thumbnail","hentry","category-ekonomi"],"_links":{"self":[{"href":"https:\/\/www.egemtv.com\/index.php?rest_route=\/wp\/v2\/posts\/11268","targetHints":{"allow":["GET"]}}],"collection":[{"href":"https:\/\/www.egemtv.com\/index.php?rest_route=\/wp\/v2\/posts"}],"about":[{"href":"https:\/\/www.egemtv.com\/index.php?rest_route=\/wp\/v2\/types\/post"}],"author":[{"embeddable":true,"href":"https:\/\/www.egemtv.com\/index.php?rest_route=\/wp\/v2\/users\/1"}],"replies":[{"embeddable":true,"href":"https:\/\/www.egemtv.com\/index.php?rest_route=%2Fwp%2Fv2%2Fcomments&post=11268"}],"version-history":[{"count":1,"href":"https:\/\/www.egemtv.com\/index.php?rest_route=\/wp\/v2\/posts\/11268\/revisions"}],"predecessor-version":[{"id":11270,"href":"https:\/\/www.egemtv.com\/index.php?rest_route=\/wp\/v2\/posts\/11268\/revisions\/11270"}],"wp:featuredmedia":[{"embeddable":true,"href":"https:\/\/www.egemtv.com\/index.php?rest_route=\/wp\/v2\/media\/11269"}],"wp:attachment":[{"href":"https:\/\/www.egemtv.com\/index.php?rest_route=%2Fwp%2Fv2%2Fmedia&parent=11268"}],"wp:term":[{"taxonomy":"category","embeddable":true,"href":"https:\/\/www.egemtv.com\/index.php?rest_route=%2Fwp%2Fv2%2Fcategories&post=11268"},{"taxonomy":"post_tag","embeddable":true,"href":"https:\/\/www.egemtv.com\/index.php?rest_route=%2Fwp%2Fv2%2Ftags&post=11268"}],"curies":[{"name":"wp","href":"https:\/\/api.w.org\/{rel}","templated":true}]}}