{"id":11265,"date":"2025-01-21T16:25:41","date_gmt":"2025-01-21T13:25:41","guid":{"rendered":"https:\/\/www.egemtv.com\/?p=11265"},"modified":"2025-01-21T16:25:43","modified_gmt":"2025-01-21T13:25:43","slug":"denizlispor-kursat-tas-ile-sezon-sonuna-kadar-anlasti","status":"publish","type":"post","link":"https:\/\/www.egemtv.com\/?p=11265","title":{"rendered":"Denizlispor K\u00fcr\u015fat Ta\u015f ile sezon sonuna kadar anla\u015ft\u0131"},"content":{"rendered":"<p>TFF 3. Lig 4. Grup\u2019ta Denizlispor, Y\u00f6netim Kurulu\u2019nun oylar\u0131yla Erhan Ergil\u2019i Ba\u015fkanl\u0131k g\u00f6revine getirmesinin ard\u0131ndan, yeni teknik direkt\u00f6r\u00fcn\u00fc de a\u00e7\u0131klad\u0131. Erhan Ergil\u2019in ba\u015fkanl\u0131k koltu\u011funa oturmas\u0131n\u0131n ard\u0131ndan ilk i\u015f olarak teknik direkt\u00f6rl\u00fck g\u00f6revine K\u00fcr\u015fat Ta\u015f\u2019\u0131 getirerek sezon sonuna kadar anla\u015ft\u0131\u011f\u0131n\u0131 duyurdu.<\/p>\n<p>Y\u00f6netim Kurulu\u2019nun oylar\u0131yla Y\u00f6netim Kurulu Ba\u015fkanl\u0131\u011f\u0131 g\u00f6revine Erhan Ergil\u2019i getirdi. Yeni Denizlispor Ba\u015fkan\u0131 Erhan Ergil ilk i\u015f olarak teknik direkt\u00f6r b\u00f6lgesine K\u00fcr\u015fat Ta\u015f ile doldurdu. Denizlispor Y\u00f6netim Kurulu Toplant\u0131s\u0131ndan sonra Ali Yal\u00e7\u0131n ve ekibiyle s\u00f6zle\u015fmenin feshedilmesine karar veren y\u00f6netim, yeni teknik direkt\u00f6r olarak K\u00fcr\u015fat Ta\u015f ile sezon sonuna kadar anla\u015fmaya vard\u0131.<\/p>\n<p>Sosyal medya hesab\u0131nda yeni teknik direkt\u00f6r\u00fc duyuran Denizlispor, \u201cKul\u00fcb\u00fcm\u00fcz teknik direkt\u00f6r K\u00fcr\u015fat Ta\u015f ile sezon sonuna kadar anla\u015fma sa\u011flam\u0131\u015ft\u0131r. K\u00fcr\u015fat Ta\u015f\u2019a ho\u015f geldin diyor, ba\u015far\u0131lar diliyoruz\u201d dedi.<br \/><\/p>\n","protected":false},"excerpt":{"rendered":"<p>TFF 3. Lig 4. Grup\u2019ta Denizlispor, Y\u00f6netim Kurulu\u2019nun oylar\u0131yla Erhan Ergil\u2019i Ba\u015fkanl\u0131k g\u00f6revine getirmesinin ard\u0131ndan, yeni teknik direkt\u00f6r\u00fcn\u00fc de a\u00e7\u0131klad\u0131. Erhan Ergil\u2019in ba\u015fkanl\u0131k koltu\u011funa oturmas\u0131n\u0131n ard\u0131ndan ilk i\u015f olarak teknik direkt\u00f6rl\u00fck g\u00f6revine K\u00fcr\u015fat Ta\u015f\u2019\u0131 getirerek sezon sonuna kadar anla\u015ft\u0131\u011f\u0131n\u0131 duyurdu. Y\u00f6netim Kurulu\u2019nun oylar\u0131yla Y\u00f6netim Kurulu Ba\u015fkanl\u0131\u011f\u0131 g\u00f6revine Erhan Ergil\u2019i getirdi. Yeni Denizlispor Ba\u015fkan\u0131 Erhan Ergil&#8230;<\/p>\n","protected":false},"author":1,"featured_media":11266,"comment_status":"open","ping_status":"open","sticky":false,"template":"","format":"standard","meta":{"_crdt_document":"","footnotes":""},"categories":[4],"tags":[],"class_list":["post-11265","post","type-post","status-publish","format-standard","has-post-thumbnail","hentry","category-spor"],"_links":{"self":[{"href":"https:\/\/www.egemtv.com\/index.php?rest_route=\/wp\/v2\/posts\/11265","targetHints":{"allow":["GET"]}}],"collection":[{"href":"https:\/\/www.egemtv.com\/index.php?rest_route=\/wp\/v2\/posts"}],"about":[{"href":"https:\/\/www.egemtv.com\/index.php?rest_route=\/wp\/v2\/types\/post"}],"author":[{"embeddable":true,"href":"https:\/\/www.egemtv.com\/index.php?rest_route=\/wp\/v2\/users\/1"}],"replies":[{"embeddable":true,"href":"https:\/\/www.egemtv.com\/index.php?rest_route=%2Fwp%2Fv2%2Fcomments&post=11265"}],"version-history":[{"count":1,"href":"https:\/\/www.egemtv.com\/index.php?rest_route=\/wp\/v2\/posts\/11265\/revisions"}],"predecessor-version":[{"id":11267,"href":"https:\/\/www.egemtv.com\/index.php?rest_route=\/wp\/v2\/posts\/11265\/revisions\/11267"}],"wp:featuredmedia":[{"embeddable":true,"href":"https:\/\/www.egemtv.com\/index.php?rest_route=\/wp\/v2\/media\/11266"}],"wp:attachment":[{"href":"https:\/\/www.egemtv.com\/index.php?rest_route=%2Fwp%2Fv2%2Fmedia&parent=11265"}],"wp:term":[{"taxonomy":"category","embeddable":true,"href":"https:\/\/www.egemtv.com\/index.php?rest_route=%2Fwp%2Fv2%2Fcategories&post=11265"},{"taxonomy":"post_tag","embeddable":true,"href":"https:\/\/www.egemtv.com\/index.php?rest_route=%2Fwp%2Fv2%2Ftags&post=11265"}],"curies":[{"name":"wp","href":"https:\/\/api.w.org\/{rel}","templated":true}]}}