{"id":11262,"date":"2025-01-21T16:08:08","date_gmt":"2025-01-21T13:08:08","guid":{"rendered":"https:\/\/www.egemtv.com\/?p=11262"},"modified":"2025-01-21T16:08:10","modified_gmt":"2025-01-21T13:08:10","slug":"uc-baskandan-bulgaya-hayirli-olsun-ziyareti","status":"publish","type":"post","link":"https:\/\/www.egemtv.com\/?p=11262","title":{"rendered":"\u00dc\u00e7 ba\u015fkandan Bulgay\u2019a hay\u0131rl\u0131 olsun ziyareti"},"content":{"rendered":"<p>Manisa B\u00fcy\u00fck\u015fehir Belediye Ba\u015fkan\u0131 Ferdi Zeyrek, \u015eehzadeler Belediye Ba\u015fkan\u0131 G\u00fcl\u015fah Durbay ve Yunusemre Belediye Ba\u015fkan\u0131 Semih Balaban ile birlikte Manisa Esnaf ve Sanatkarlar Kredi ve Kefalet Kooperatifi ba\u015fkanl\u0131\u011f\u0131n\u0131 devralan Destan Bulgay\u2019a hay\u0131rl\u0131 olsun ziyaretinde bulundu. Heyet ayr\u0131ca 9 \u015eubat\u2019ta ger\u00e7ekle\u015ftirilecek olan esnaf kefalet kooperatifi se\u00e7imlerinin de hay\u0131rl\u0131 olmas\u0131 temennisinde bulundu.<br \/>\n<br \/>Ziyarette Manisa B\u00fcy\u00fck\u015fehir Belediye Ba\u015fkan\u0131 Ferdi Zeyrek,  \u201cKooperatifimizin efsane ba\u015fkan\u0131 Recep abimizden g\u00f6revi devrald\u0131\u011f\u0131m\u0131zdan sonra bir ziyarette bulunamam\u0131\u015ft\u0131k. G\u00f6reve gelmeniz nedeniyle tebrik ediyor, 9 \u015eubat\u2019ta yap\u0131lacak olan kongrenin kooperatifimize hem Manisa\u2019m\u0131za hay\u0131rl\u0131s\u0131 olmas\u0131 diliyorum. Belediyelerle, esnaf odalar\u0131n\u0131n birlikte hareket etmesi, onlar\u0131n derdini, sorununu dinlemesi ve \u00e7\u00f6z\u00fcm ortakl\u0131\u011f\u0131nda ayn\u0131 yolda y\u00fcr\u00fcmek, ayn\u0131 g\u00f6r\u00fc\u015f\u00fc payla\u015fmak, birlikteli\u011fi daha da g\u00fc\u00e7lendirecek ve hizmetleri daha da aktif hale getirecektir. Biz esnaflar\u0131m\u0131z\u0131n sorunlar\u0131n\u0131 biliyoruz. \u0130llaki sizler \u00e7ok \u00e7ok daha hakimsiniz burada. Biz belediyemiz olarak Esnaf arkada\u015flar\u0131m\u0131za hangi t\u00fcrl\u00fc ne destekler yap\u0131lacaksa sizlerle birlikte bu deste\u011fi yapmaya haz\u0131r\u0131z. &#8221; \u015feklinde konu\u015ftu. Zeyrek, se\u00e7imlerin demokratik ortamda ve adil bir \u015fekilde yap\u0131ld\u0131\u011f\u0131 zaman g\u00fczel oldu\u011funu vurgulayarak, \u201cB\u00f6yle olmal\u0131d\u0131r da. Bu se\u00e7ime iki adayla hatta daha fazla adayla gidilebilirdi. Ama ben son d\u00f6nemde \u015f\u00f6yle \u015feyler duyuyorum. \u00d6zellikle b\u00fcy\u00fck\u015fehirden s\u00f6z al\u0131narak 10 Ocak\u2019ta bir zam getirilece\u011fi s\u00f6yleniyor. Bug\u00fcne kadar ne ben sizinle ne de se\u00e7im boyunca rakibinizle herhangi bir g\u00f6r\u00fc\u015fmede bulunmad\u0131m. Ben bunu buradan ifade etmek istiyorum. Se\u00e7im yat\u0131r\u0131m\u0131 olarak bu \u015fekilde verilen s\u00f6zleri de hi\u00e7 ahlaki bulmuyorum. Herkesin g\u00f6nl\u00fc bir tarafta olabilir ama kazanan ki\u015finin arkas\u0131nda hep birlikte birle\u015fmek gerekir. Biz se\u00e7imlerde bu t\u00fcr oyunlar\u0131 g\u00f6rd\u00fck. Bu se\u00e7imlerin \u00e7o\u011fu zaman ma\u011fduru da olduk. Ama biz bunun ma\u011fduriyetini ya\u015farken buna sebebiyet verenlere de sebebiyet vermemesi gerekti\u011fini dile getiriyoruz\u201d dedi.<\/p>\n<p>&#8220;Esnaf\u0131m\u0131z i\u00e7in i\u015f birli\u011fine haz\u0131r\u0131z&#8221;<br \/>\n<br \/>\u015eehzadeler Belediye Ba\u015fkan\u0131 G\u00fcl\u015fah Durbay da Ba\u015fkan Destan Bulgay ve ekibine  ba\u015far\u0131lar diledi. Ba\u015fkan Durbay, \u201cBurada sizin ev sahipli\u011finizde bulunmak \u00e7ok b\u00fcy\u00fck bir onur ve gurur kayna\u011f\u0131 bizim i\u00e7in. S\u00fcrekli \u00e7e\u015fitli vesilelerle g\u00f6r\u00fc\u015f\u00fcyoruz. S\u00fcrekli i\u015fbirli\u011fi i\u00e7indeyiz. Hem hay\u0131rl\u0131 olsun dileklerimizi iletelim hem de sizin demokratik anlay\u0131\u015fla se\u00e7ime g\u00f6t\u00fcrd\u00fc\u011f\u00fcn\u00fcz bir durum s\u00f6z konusu. O genel kurulumuzun kentimiz i\u00e7in hay\u0131rl\u0131 olmas\u0131n\u0131 diliyorum. \u015eehzadeler \u00f6zellikle bir tar\u0131m kentinin yan\u0131nda ayn\u0131 zamanda esnaf kenti de. O anlamda da her i\u015fbirli\u011fine haz\u0131r oldu\u011fumuzu \u015eehzadeler Belediye Ba\u015fkan\u0131 olarak belirtmek isterim. Hem \u015fimdiki g\u00f6reviniz hem de genel kurulunuz \u015fimdiden hay\u0131rl\u0131 u\u011furlu olsun\u201d diye konu\u015ftu. Yunusemre Belediye Ba\u015fkan\u0131 Semih Balaban da  Destan Bulgay\u2019a nezaket ziyaretinde bulunduklar\u0131n\u0131 a\u00e7\u0131klad\u0131. Balaban, \u201c\u0130n\u015fallah 9 \u015eubat\u2019ta esnaf\u0131m\u0131z takdir edecektir g\u00f6revinize devam edeceksiniz diye d\u00fc\u015f\u00fcn\u00fcyorum. Ba\u015far\u0131lar\u0131n\u0131z\u0131n devam\u0131n\u0131 diliyorum\u201d dedi.<\/p>\n<p>&#8220;Ortak paydalar\u0131m\u0131z \u00e7ok&#8221;<br \/>\n<br \/>Ger\u00e7ekle\u015ftirilen ziyaretten dolay\u0131 \u00e7ok mutlu oldu\u011funu ifade eden Manisa Esnaf ve Sanatkarlar Kredi ve Kefalet Kooperatifi Ba\u015fkan\u0131 Destan Bulgay da \u201cBug\u00fcn kooperatifimizde \u00fc\u00e7 belediye ba\u015fkan\u0131m\u0131zla beraber onlar\u0131n deste\u011fini ve yan\u0131m\u0131zdaki pozitif enerjilerini hissetmek bize ayr\u0131 bir mutluluk verdi. Onlar da biliyorsunuz g\u00f6revlerine yeni ba\u015flad\u0131lar. Ve \u00e7ok h\u0131rsl\u0131 bir \u015fekilde, \u00e7ok \u00e7al\u0131\u015fkan bir bi\u00e7imde Manisa halk\u0131na hizmet etmeye \u00e7al\u0131\u015f\u0131yorlar. Ortak paydalar\u0131m\u0131z \u00e7ok. Manisa halk\u0131 ve Manisa esnaf\u0131 bizim i\u00e7in de \u00e7ok \u00f6nemli. Hizmeti hak ediyor. Biz bu i\u015fin finans k\u0131sm\u0131nday\u0131z. \u00d6n\u00fcm\u00fczdeki s\u00fcre\u00e7te 9 \u015eubat\u2019ta bildi\u011fimiz \u00fczere kooperatifimizin mali genel kurulu vard\u0131. Fakat biz bunu se\u00e7imli mali genel kurul haline getirdik. Y\u00f6netim kurulunda karar ald\u0131k bu konuda. Biz orta\u011f\u0131m\u0131z\u0131n iradesini ortaya koymas\u0131ndan ve buradan daha g\u00fc\u00e7l\u00fc bir \u015fekilde esnaf\u0131m\u0131za daha emin ad\u0131mlarla hitap edebilecek bir \u015fekilde \u00e7\u0131kmak i\u00e7in se\u00e7im karar\u0131 ald\u0131k. Bununla beraber se\u00e7im \u00f6ncesi de yar\u0131n 22 Ocak \u00c7ar\u015famba g\u00fcn\u00fc saat 11.00\u2019da Esnaf Kefalet Sosyal Tesisleri\u2019nde adayl\u0131\u011f\u0131m\u0131zla ilgili bir bas\u0131n a\u00e7\u0131klamam\u0131z olacak. Bunun \u00f6ncesinde ba\u015fkanlar\u0131m\u0131n beni ziyaret etmesi ayr\u0131ca memnun etti. Benim i\u00e7in bir moral kayna\u011f\u0131 oldu. Kendilerine \u00e7ok te\u015fekk\u00fcr ediyorum.\u201d dedi.<br \/><\/p>\n","protected":false},"excerpt":{"rendered":"<p>Manisa B\u00fcy\u00fck\u015fehir Belediye Ba\u015fkan\u0131 Ferdi Zeyrek, \u015eehzadeler Belediye Ba\u015fkan\u0131 G\u00fcl\u015fah Durbay ve Yunusemre Belediye Ba\u015fkan\u0131 Semih Balaban ile birlikte Manisa Esnaf ve Sanatkarlar Kredi ve Kefalet Kooperatifi ba\u015fkanl\u0131\u011f\u0131n\u0131 devralan Destan Bulgay\u2019a hay\u0131rl\u0131 olsun ziyaretinde bulundu. Heyet ayr\u0131ca 9 \u015eubat\u2019ta ger\u00e7ekle\u015ftirilecek olan esnaf kefalet kooperatifi se\u00e7imlerinin de hay\u0131rl\u0131 olmas\u0131 temennisinde bulundu. Ziyarette Manisa B\u00fcy\u00fck\u015fehir Belediye Ba\u015fkan\u0131&#8230;<\/p>\n","protected":false},"author":1,"featured_media":11263,"comment_status":"open","ping_status":"open","sticky":false,"template":"","format":"standard","meta":{"_crdt_document":"","footnotes":""},"categories":[127],"tags":[],"class_list":["post-11262","post","type-post","status-publish","format-standard","has-post-thumbnail","hentry","category-siyaset"],"_links":{"self":[{"href":"https:\/\/www.egemtv.com\/index.php?rest_route=\/wp\/v2\/posts\/11262","targetHints":{"allow":["GET"]}}],"collection":[{"href":"https:\/\/www.egemtv.com\/index.php?rest_route=\/wp\/v2\/posts"}],"about":[{"href":"https:\/\/www.egemtv.com\/index.php?rest_route=\/wp\/v2\/types\/post"}],"author":[{"embeddable":true,"href":"https:\/\/www.egemtv.com\/index.php?rest_route=\/wp\/v2\/users\/1"}],"replies":[{"embeddable":true,"href":"https:\/\/www.egemtv.com\/index.php?rest_route=%2Fwp%2Fv2%2Fcomments&post=11262"}],"version-history":[{"count":1,"href":"https:\/\/www.egemtv.com\/index.php?rest_route=\/wp\/v2\/posts\/11262\/revisions"}],"predecessor-version":[{"id":11264,"href":"https:\/\/www.egemtv.com\/index.php?rest_route=\/wp\/v2\/posts\/11262\/revisions\/11264"}],"wp:featuredmedia":[{"embeddable":true,"href":"https:\/\/www.egemtv.com\/index.php?rest_route=\/wp\/v2\/media\/11263"}],"wp:attachment":[{"href":"https:\/\/www.egemtv.com\/index.php?rest_route=%2Fwp%2Fv2%2Fmedia&parent=11262"}],"wp:term":[{"taxonomy":"category","embeddable":true,"href":"https:\/\/www.egemtv.com\/index.php?rest_route=%2Fwp%2Fv2%2Fcategories&post=11262"},{"taxonomy":"post_tag","embeddable":true,"href":"https:\/\/www.egemtv.com\/index.php?rest_route=%2Fwp%2Fv2%2Ftags&post=11262"}],"curies":[{"name":"wp","href":"https:\/\/api.w.org\/{rel}","templated":true}]}}