{"id":11259,"date":"2025-01-21T16:01:16","date_gmt":"2025-01-21T13:01:16","guid":{"rendered":"https:\/\/www.egemtv.com\/?p=11259"},"modified":"2025-01-21T16:01:18","modified_gmt":"2025-01-21T13:01:18","slug":"denizlinin-en-islek-caddesinde-trafik-ve-asayis-denetimi","status":"publish","type":"post","link":"https:\/\/www.egemtv.com\/?p=11259","title":{"rendered":"Denizli\u2019nin en i\u015flek caddesinde trafik ve asayi\u015f denetimi"},"content":{"rendered":"<p>Denizli\u2019nin en i\u015flek caddesinde polis ekipleri uygulama yapt\u0131. Trafik kurallar\u0131n\u0131 ihlal eden 250 araca cezai i\u015flem uyguland\u0131.<br \/>\n<br \/>Denizli\u2019de Gazi Mustafa Kemal Bulvar\u0131\u2019nda Denizli Emniyet M\u00fcd\u00fcrl\u00fc\u011f\u00fc Trafik Denetleme \u015eube M\u00fcd\u00fcrl\u00fc\u011f\u00fc ve Asayi\u015f \u015eube M\u00fcd\u00fcrl\u00fc\u011f\u00fc Yunus Timleri ile ortakla\u015fa trafik denetlemesi ger\u00e7ekle\u015ftirildi. 18 ki\u015filik ekiple yap\u0131lan denetimde trafik kural\u0131 ihlali yapan 250 araca cezai i\u015flem uyguland\u0131. Trafi\u011fin kapal\u0131 oldu\u011fu bulvara giren ve kald\u0131r\u0131mdan giden motosikletlere cezai i\u015flem uyguland\u0131.<br \/><\/p>\n","protected":false},"excerpt":{"rendered":"<p>Denizli\u2019nin en i\u015flek caddesinde polis ekipleri uygulama yapt\u0131. Trafik kurallar\u0131n\u0131 ihlal eden 250 araca cezai i\u015flem uyguland\u0131. Denizli\u2019de Gazi Mustafa Kemal Bulvar\u0131\u2019nda Denizli Emniyet M\u00fcd\u00fcrl\u00fc\u011f\u00fc Trafik Denetleme \u015eube M\u00fcd\u00fcrl\u00fc\u011f\u00fc ve Asayi\u015f \u015eube M\u00fcd\u00fcrl\u00fc\u011f\u00fc Yunus Timleri ile ortakla\u015fa trafik denetlemesi ger\u00e7ekle\u015ftirildi. 18 ki\u015filik ekiple yap\u0131lan denetimde trafik kural\u0131 ihlali yapan 250 araca cezai i\u015flem uyguland\u0131. Trafi\u011fin&#8230;<\/p>\n","protected":false},"author":1,"featured_media":11260,"comment_status":"open","ping_status":"open","sticky":false,"template":"","format":"standard","meta":{"_crdt_document":"","footnotes":""},"categories":[5],"tags":[],"class_list":["post-11259","post","type-post","status-publish","format-standard","has-post-thumbnail","hentry","category-asayis"],"_links":{"self":[{"href":"https:\/\/www.egemtv.com\/index.php?rest_route=\/wp\/v2\/posts\/11259","targetHints":{"allow":["GET"]}}],"collection":[{"href":"https:\/\/www.egemtv.com\/index.php?rest_route=\/wp\/v2\/posts"}],"about":[{"href":"https:\/\/www.egemtv.com\/index.php?rest_route=\/wp\/v2\/types\/post"}],"author":[{"embeddable":true,"href":"https:\/\/www.egemtv.com\/index.php?rest_route=\/wp\/v2\/users\/1"}],"replies":[{"embeddable":true,"href":"https:\/\/www.egemtv.com\/index.php?rest_route=%2Fwp%2Fv2%2Fcomments&post=11259"}],"version-history":[{"count":1,"href":"https:\/\/www.egemtv.com\/index.php?rest_route=\/wp\/v2\/posts\/11259\/revisions"}],"predecessor-version":[{"id":11261,"href":"https:\/\/www.egemtv.com\/index.php?rest_route=\/wp\/v2\/posts\/11259\/revisions\/11261"}],"wp:featuredmedia":[{"embeddable":true,"href":"https:\/\/www.egemtv.com\/index.php?rest_route=\/wp\/v2\/media\/11260"}],"wp:attachment":[{"href":"https:\/\/www.egemtv.com\/index.php?rest_route=%2Fwp%2Fv2%2Fmedia&parent=11259"}],"wp:term":[{"taxonomy":"category","embeddable":true,"href":"https:\/\/www.egemtv.com\/index.php?rest_route=%2Fwp%2Fv2%2Fcategories&post=11259"},{"taxonomy":"post_tag","embeddable":true,"href":"https:\/\/www.egemtv.com\/index.php?rest_route=%2Fwp%2Fv2%2Ftags&post=11259"}],"curies":[{"name":"wp","href":"https:\/\/api.w.org\/{rel}","templated":true}]}}