{"id":11256,"date":"2025-01-21T15:59:16","date_gmt":"2025-01-21T12:59:16","guid":{"rendered":"https:\/\/www.egemtv.com\/?p=11256"},"modified":"2025-01-21T15:59:18","modified_gmt":"2025-01-21T12:59:18","slug":"dto-baskani-erdogan-heimtextil-2025e-katilan-firmalara-tesekkur-etti","status":"publish","type":"post","link":"https:\/\/www.egemtv.com\/?p=11256","title":{"rendered":"DTO Ba\u015fkan\u0131 Erdo\u011fan, Heimtextil 2025\u2019e kat\u0131lan firmalara te\u015fekk\u00fcr etti"},"content":{"rendered":"<p>Denizli Ticaret Odas\u0131 (DTO) Ba\u015fkan\u0131 U\u011fur Erdo\u011fan, DTO \u00fcyelerinden olu\u015fan Denizlili tekstilcilerin, trend belirleyen \u00f6nc\u00fc \u00fcreticiler olduklar\u0131n\u0131 Heimtextil 2025\u2019te bir kez daha t\u00fcm d\u00fcnyaya g\u00f6sterdiklerini dile getirdi. Ba\u015fkan Erdo\u011fan; \u201cTekstilcilerimiz, sekt\u00f6rde trend belirleyen \u00f6nc\u00fc \u00fcreticiler olduklar\u0131n\u0131 Heimtextil 2025\u2019te bir kez daha t\u00fcm d\u00fcnyaya g\u00f6sterdiler. Hepsini tebrik ediyor ve Denizli\u2019miz ile sekt\u00f6r\u00fcm\u00fcz\u00fcn tan\u0131t\u0131m\u0131na sa\u011flad\u0131klar\u0131 katk\u0131dan dolay\u0131 te\u015fekk\u00fcr ediyorum\u201d dedi.<\/p>\n<p>Almanya\u2019n\u0131n Frankfurt \u015fehrinde ger\u00e7ekle\u015ftirilecek d\u00fcnyan\u0131n en b\u00fcy\u00fck ev tekstil fuarlar\u0131ndan biri olan Heimtextil 2025, 14-17 Ocak tarihleri aras\u0131nda ziyaret\u00e7ilere kap\u0131lar\u0131n\u0131 a\u00e7t\u0131. Denizli Ticaret Odas\u0131 Ba\u015fkan\u0131 U\u011fur Erdo\u011fan Almanya\u2019n\u0131n Frankfurt kentinde d\u00fczenlenen ve ev tekstili sekt\u00f6r\u00fcnde d\u00fcnyan\u0131n \u00f6nemli fuarlar\u0131 aras\u0131nda yer alan Heimtextil Fuar\u0131nda yerini alan Denizlili sanayicileri yaln\u0131z b\u0131rakmad\u0131. Her y\u0131l oldu\u011fu gibi bu y\u0131l da Almanya\u2019n\u0131n Frankfurt \u015fehrindeki sekt\u00f6r\u00fcn en b\u00fcy\u00fck organizasyonlar\u0131ndan biri olan fuarda \u00fcyelerini yaln\u0131z b\u0131rakmayan ve tek tek ziyaret ederek isti\u015farelerde bulunan DTO Y\u00f6netim Kurulu Ba\u015fkan\u0131 U\u011fur Erdo\u011fan, fuarla ilgili de\u011ferlendirmesinde Denizlili tekstilcilerin \u015fehrin ve sekt\u00f6r\u00fcn tan\u0131t\u0131m\u0131yla \u00fclke ekonomisine sa\u011flad\u0131klar\u0131 katk\u0131n\u0131n \u00f6nemine dikkat \u00e7ekti ve \u00fcyelerine te\u015fekk\u00fcr etti. Ayr\u0131ca i\u015f insanlar\u0131ndan olu\u015fan 130 ki\u015filik heyet, Almanya\u2019n\u0131n Frankfurt \u015fehrinde ger\u00e7ekle\u015ftirilen ve uluslararas\u0131 geleneksel hale gelen bir organizasyon olan Heimtextil 2025 Ev Tekstili Fuar\u0131\u2019na, Denizli Ticaret Odas\u0131\u2019n\u0131n deste\u011fiyle kat\u0131ld\u0131. DTO \u00fcyelerinden olu\u015fan Denizlili tekstilcilerin, trend belirleyen \u00f6nc\u00fc \u00fcreticiler olduklar\u0131n\u0131 Heimtextil 2025\u2019te bir kez daha t\u00fcm d\u00fcnyaya g\u00f6sterdiklerini dile getiren Denizli Ticaret Odas\u0131 Ba\u015fkan\u0131 U\u011fur Erdo\u011fan; \u201cDEN\u0130B\u2019in yan\u0131 s\u0131ra 69 stantla bizi temsil eden 66 firmam\u0131z\u0131n hepsini tebrik ediyor ve Denizli\u2019miz ile sekt\u00f6r\u00fcm\u00fcz\u00fcn tan\u0131t\u0131m\u0131na sa\u011flad\u0131klar\u0131 katk\u0131dan dolay\u0131 te\u015fekk\u00fcr ediyorum. Denizli Ticaret Odas\u0131 olarak, \u00fcyemiz olan bu firmalar\u0131m\u0131zdan 130 i\u015f insan\u0131m\u0131z\u0131 da maddi destek vererek Almanya\u2019ya g\u00f6nderdik ve fuara kat\u0131lmalar\u0131na katk\u0131 sa\u011flad\u0131k. Biz de bunun mutlulu\u011funu ve hakl\u0131 gururunu ya\u015fad\u0131k\u201d dedi.<\/p>\n<p>Heimtextil 2025\u2019i Fuar\u0131 i\u00e7in a\u00e7\u0131klamalarda bulunan DTO Ba\u015fkan\u0131 Erdo\u011fan; \u201c\u00dcyelerimizin \u00fcr\u00fcnleri ile stantlar\u0131 ve sunumlar\u0131, b\u00fcy\u00fck be\u011feni toplad\u0131. Frankfurt Messe Fuar Alan\u0131ndaki stantlar\u0131nda onlar ile bir araya gelerek Heimtextil 2025\u2019i ve sekt\u00f6rlerini de\u011ferlendirdik; fuar\u0131n ve sekt\u00f6r\u00fcn daha da geli\u015ftirilmesi ile ilgili g\u00f6r\u00fc\u015f ve beklentilerini dinledik, notlar ald\u0131k. Olduk\u00e7a verimli ge\u00e7en temaslar\u0131m\u0131z ve g\u00f6r\u00fc\u015fmelerimiz oldu. Heimtextil 2025\u2019in ge\u00e7en y\u0131la g\u00f6re ziyaret\u00e7i profilindeki hem say\u0131sal anlamda hem de nitelik a\u00e7\u0131s\u0131ndan ya\u015fanan art\u0131\u015f\u0131n, firmalar\u0131m\u0131za da i\u015flerine de olumlu yans\u0131yaca\u011f\u0131na inan\u0131yorum. Emek yo\u011fun sekt\u00f6rlerden biri olan tekstilde, i\u015f\u00e7i ve enerji maliyeti ile kurdaki durumdan kaynaklanan zorluklar\u0131 da a\u015facak t\u00fcrden yeni projeler \u00fcretmeliyiz ki Denizli olarak uluslararas\u0131 pazardaki ve ihracattaki rekabet g\u00fcc\u00fcm\u00fcz\u00fc koruyabilelim. Ayn\u0131 zamanda yenilik\u00e7i fikirler ve \u00fcr\u00fcnler ile yeni pazarlar aramal\u0131 ve bulmal\u0131y\u0131z. Bat\u0131\u2019n\u0131n bu sekt\u00f6rdeki tedarik zincirinin ba\u015f\u0131nda gelen \u00fclkelerden biri olarak kalabilmemizin yeg\u00e2ne yollar\u0131ndan biri de budur. \u00dcr\u00fcn ve i\u015f yapma kalitemiz ile sipari\u015f teslimat\u0131ndaki h\u0131z ve g\u00fcvenilirli\u011fimizi de kaybetmeyerek lojistik ve tedarik zincirimizi daha da g\u00fc\u00e7lendirmeliyiz. El birli\u011fiyle daha \u00e7ok \u00e7al\u0131\u015farak, daha \u00e7ok insana ve m\u00fc\u015fteriye ula\u015farak, daha b\u00fcy\u00fck sipari\u015flerin, daha iyi ticari ba\u011flant\u0131lar\u0131n pe\u015finden ko\u015fmaya, i\u015fimizin izini s\u00fcrmeye devam etmeliyiz. Bunun i\u00e7in de Heimtextil\u2019de oldu\u011fu gibi her seferinde daha fazla \u00fcyemizle d\u00fcnyan\u0131n d\u00f6rt bir taraf\u0131ndaki uluslararas\u0131 sekt\u00f6rel fuarlara ve organizasyonlara kat\u0131lmaya devam edece\u011fiz. Beklemeyece\u011fiz, durmayaca\u011f\u0131z; ko\u015fturaca\u011f\u0131z. Harekette bereket vard\u0131r. \u00d6zetle bir atas\u00f6z\u00fcm\u00fczde eskilerin de dedi\u011fi gibi gezen kurt, aslan a\u00e7 kalmaz. Biz de Anadolu aslanlar\u0131ndan biri diye bilinen Denizli olarak var g\u00fcc\u00fcm\u00fczle m\u00fccadele edece\u011fiz. B\u00f6ylelikle, sekt\u00f6rel belle\u011fimizi de g\u00fcncelleyip bilgi, birikim ve tecr\u00fcbemizi art\u0131r\u0131yoruz, daha da art\u0131raca\u011f\u0131z. Denizli Ticaret Odam\u0131z\u0131n \u00fcyelerinden olu\u015fan Denizlili tekstilcilerimiz, trend belirleyen \u00f6nc\u00fc \u00fcreticiler olduklar\u0131n\u0131 Heimtextil 2025\u2019te bir kez daha t\u00fcm d\u00fcnyaya g\u00f6sterdiler\u201d dedi.<\/p>\n<p>\u201cDevlet desteklerinde, tekstil ve haz\u0131r giyim sekt\u00f6r\u00fc tamamen yer almal\u0131\u201d<br \/>\n<br \/>DTO Ba\u015fkan\u0131 Erdo\u011fan, merkezi y\u00f6netimden istihdam deste\u011fi de istedi ve bu konudaki kayg\u0131lar\u0131n\u0131 ise \u015f\u00f6yle dile getirdi: \u201c2024\u2019te, d\u00fc\u015f\u00fck kalan kur ile y\u00fcksek faiz ve enflasyon, en \u00f6nemli sorunumuzdu; rekabet g\u00fcc\u00fcm\u00fcz de yok denecek kadar azald\u0131. Bu arada, bu yak\u0131nlarda Say\u0131n Cumhurba\u015fkan\u0131m\u0131z, istihdam yo\u011fun sekt\u00f6rlere destek verilece\u011fini a\u00e7\u0131klad\u0131. Biz de bu destekler i\u00e7inde tekstil ve haz\u0131r giyim sekt\u00f6r\u00fc tamam\u0131yla yer almal\u0131d\u0131r diyoruz. KOB\u0130\u2019ler a\u00e7\u0131s\u0131ndan bir s\u0131n\u0131rlamadan bahsediliyor Fakat firmalar\u0131m\u0131z, herhangi bir s\u0131n\u0131rlama olmaks\u0131z\u0131n desteklenmelidir. \u00c7\u00fcnk\u00fc istihdam yo\u011fun sekt\u00f6rlerimizde, \u015firket baz\u0131nda bak\u0131ld\u0131\u011f\u0131nda bu t\u00fcr firmalar\u0131m\u0131zda KOB\u0130 tan\u0131m\u0131ndaki \u00fcst s\u0131n\u0131r\u0131n \u00e7ok daha \u00fczerinde \u00e7al\u0131\u015fan\u0131m\u0131z var! Onun i\u00e7in de asla bir s\u0131n\u0131rlama olmamal\u0131d\u0131r\u201d diye konu\u015ftu.<\/p>\n<p>\u201cEkonomi ve ticaretteki \u015fartlara ve yeni pazarlara h\u0131zl\u0131 adapte olmal\u0131y\u0131z\u201d<br \/>\n<br \/>Ba\u015fkan Erdo\u011fan ayr\u0131ca, d\u00fcnya ticaretinin ve ekonomisinin pandemi ve sonras\u0131nda yeni bir s\u00fcrece girdi\u011fini ve yeniden \u015fekillendi\u011fini belirterek \u00fclke ve sekt\u00f6rler olarak bu geli\u015fmeleri yak\u0131ndan takip edip iyi ve do\u011fru de\u011ferlendirip adaptasyon s\u00fcrecini \u00e7abukla\u015ft\u0131rmak gerekti\u011fini vurgulad\u0131. DTO Ba\u015fkan\u0131 Erdo\u011fan, \u201c\u00d6rne\u011fin, T\u00fcrkiye\u2019den ABD\u2019ye ihracat, son 5 y\u0131lda y\u00fczde 46 artt\u0131. Avro B\u00f6lgesi\u2019ndeki ekonomi ise imalat sekt\u00f6r\u00fcn\u00fcn daralmas\u0131 ve hizmet sekt\u00f6r\u00fcndeki b\u00fcy\u00fcmenin yava\u015flamas\u0131 nedeniyle, ivme kaybetti. Bizim \u00fclke olarak bu t\u00fcr geli\u015fmeleri iyi de\u011ferlendirmemiz gerekiyor. Hedef pazarlar\u0131m\u0131z\u0131 iyi belirleyip bir an \u00f6nce ad\u0131m atmal\u0131 ve giri\u015fim konusunda yapmal\u0131y\u0131z. TOBB nezdinde bu kapsamdaki y\u00fcr\u00fct\u00fclen \u00e7al\u0131\u015fmalarla, ABD\u2019nin Chicago eyaletinde 2021 y\u0131l\u0131nda kurulan T\u00fcrk Ticaret Merkezi\u2019ne, yenileri eklenecek. Los Angeles, Miami, New York ve Houston i\u00e7in yap\u0131lan haz\u0131rl\u0131klar h\u0131zland\u0131r\u0131ld\u0131. \u00dclke olarak oradan gelecek yeni talepleri kar\u015f\u0131layabilecek bir altyap\u0131y\u0131 da bir an \u00f6nce haz\u0131rlamal\u0131y\u0131z. Biz bu konuyu, bu y\u00f6ndeki talebimizi, Denizli\u2019ye geldi\u011finde yapt\u0131\u011f\u0131m\u0131z toplant\u0131da Cumhurba\u015fkan\u0131 Yard\u0131mc\u0131m\u0131z Say\u0131n Cevdet Y\u0131lmaz\u2019a da \u00f6nceliklerimizden biri olarak iletmi\u015ftik. O toplant\u0131ya kat\u0131lanlar da hat\u0131rlayacaklard\u0131r. Hem \u00fcretim hem de lojistik anlam\u0131nda Avrupa ve ABD\u2019deki a\u011f\u0131m\u0131z\u0131 daha da geni\u015fletip g\u00fc\u00e7lendirmeliyiz. Gerek yeni pazar aray\u0131\u015flar\u0131na gerekse bu konudaki \u00e7al\u0131\u015fmalara Denizli Ticaret Odas\u0131 olarak var g\u00fcc\u00fcm\u00fczle destek veriyoruz\u201d ifadelerini kulland\u0131.<br \/><\/p>\n","protected":false},"excerpt":{"rendered":"<p>Denizli Ticaret Odas\u0131 (DTO) Ba\u015fkan\u0131 U\u011fur Erdo\u011fan, DTO \u00fcyelerinden olu\u015fan Denizlili tekstilcilerin, trend belirleyen \u00f6nc\u00fc \u00fcreticiler olduklar\u0131n\u0131 Heimtextil 2025\u2019te bir kez daha t\u00fcm d\u00fcnyaya g\u00f6sterdiklerini dile getirdi. Ba\u015fkan Erdo\u011fan; \u201cTekstilcilerimiz, sekt\u00f6rde trend belirleyen \u00f6nc\u00fc \u00fcreticiler olduklar\u0131n\u0131 Heimtextil 2025\u2019te bir kez daha t\u00fcm d\u00fcnyaya g\u00f6sterdiler. Hepsini tebrik ediyor ve Denizli\u2019miz ile sekt\u00f6r\u00fcm\u00fcz\u00fcn tan\u0131t\u0131m\u0131na sa\u011flad\u0131klar\u0131 katk\u0131dan dolay\u0131&#8230;<\/p>\n","protected":false},"author":1,"featured_media":11257,"comment_status":"open","ping_status":"open","sticky":false,"template":"","format":"standard","meta":{"_crdt_document":"","footnotes":""},"categories":[125],"tags":[],"class_list":["post-11256","post","type-post","status-publish","format-standard","has-post-thumbnail","hentry","category-ekonomi"],"_links":{"self":[{"href":"https:\/\/www.egemtv.com\/index.php?rest_route=\/wp\/v2\/posts\/11256","targetHints":{"allow":["GET"]}}],"collection":[{"href":"https:\/\/www.egemtv.com\/index.php?rest_route=\/wp\/v2\/posts"}],"about":[{"href":"https:\/\/www.egemtv.com\/index.php?rest_route=\/wp\/v2\/types\/post"}],"author":[{"embeddable":true,"href":"https:\/\/www.egemtv.com\/index.php?rest_route=\/wp\/v2\/users\/1"}],"replies":[{"embeddable":true,"href":"https:\/\/www.egemtv.com\/index.php?rest_route=%2Fwp%2Fv2%2Fcomments&post=11256"}],"version-history":[{"count":1,"href":"https:\/\/www.egemtv.com\/index.php?rest_route=\/wp\/v2\/posts\/11256\/revisions"}],"predecessor-version":[{"id":11258,"href":"https:\/\/www.egemtv.com\/index.php?rest_route=\/wp\/v2\/posts\/11256\/revisions\/11258"}],"wp:featuredmedia":[{"embeddable":true,"href":"https:\/\/www.egemtv.com\/index.php?rest_route=\/wp\/v2\/media\/11257"}],"wp:attachment":[{"href":"https:\/\/www.egemtv.com\/index.php?rest_route=%2Fwp%2Fv2%2Fmedia&parent=11256"}],"wp:term":[{"taxonomy":"category","embeddable":true,"href":"https:\/\/www.egemtv.com\/index.php?rest_route=%2Fwp%2Fv2%2Fcategories&post=11256"},{"taxonomy":"post_tag","embeddable":true,"href":"https:\/\/www.egemtv.com\/index.php?rest_route=%2Fwp%2Fv2%2Ftags&post=11256"}],"curies":[{"name":"wp","href":"https:\/\/api.w.org\/{rel}","templated":true}]}}