{"id":11253,"date":"2025-01-21T15:59:13","date_gmt":"2025-01-21T12:59:13","guid":{"rendered":"https:\/\/www.egemtv.com\/?p=11253"},"modified":"2025-01-21T15:59:16","modified_gmt":"2025-01-21T12:59:16","slug":"hayvanseverler-istedi-baskan-cavusoglu-sozunu-tuttu","status":"publish","type":"post","link":"https:\/\/www.egemtv.com\/?p=11253","title":{"rendered":"Hayvanseverler istedi, Ba\u015fkan \u00c7avu\u015fo\u011flu s\u00f6z\u00fcn\u00fc tuttu"},"content":{"rendered":"<p>Denizli B\u00fcy\u00fck\u015fehir Belediye Ba\u015fkan\u0131 B\u00fclent Nuri \u00c7avu\u015fo\u011flu, hayvanseverlerden gelen talebe h\u0131zl\u0131 bir \u015fekilde yan\u0131t vererek duyarl\u0131l\u0131\u011f\u0131n\u0131 bir kez daha g\u00f6zler \u00f6n\u00fcne serdi. Hafta sonu temaslar\u0131 s\u0131ras\u0131nda Selda \u00c7imen ve Halime Albayrak isimli hayvanseverler, sokakta besledikleri kediler i\u00e7in mama ve kedi evi talebinde bulundu. Ba\u015fkan \u00c7avu\u015fo\u011flu, bu iste\u011fi geri \u00e7evirmedi ve ekiplere talimat vererek gereken deste\u011fi sa\u011flad\u0131.<\/p>\n<p>K\u0131sa s\u00fcre i\u00e7inde Selda \u00c7imen ve Halime Albayrak\u2019a ula\u015ft\u0131r\u0131lan kedi evleri ve mamalar, sokak hayvanlar\u0131n\u0131n so\u011fuk k\u0131\u015f g\u00fcnlerinde daha iyi \u015fartlarda ya\u015famalar\u0131 i\u00e7in teslim edildi. Desteklerden duyduklar\u0131 memnuniyeti dile getiren Selda \u00c7imen, Ba\u015fkan \u00c7avu\u015fo\u011flu\u2019na te\u015fekk\u00fcr ederken, Halime Albayrak ise, \u201cBa\u015fkan\u0131m\u0131z\u0131n bu duyarl\u0131 yakla\u015f\u0131m\u0131 bizi \u00e7ok mutlu etti. Sokak hayvanlar\u0131 i\u00e7in yapt\u0131\u011f\u0131 \u00e7al\u0131\u015fmalar \u00f6rnek te\u015fkil ediyor. Sokak Hayvanlar\u0131 Bar\u0131nma, Rehabilitasyon Merkezi\u2019ni zaman zaman ziyaret ediyor, sokakta ihtiya\u00e7 sahibi can dostlar\u0131m\u0131z\u0131n tedavisi i\u00e7in gerekli hizmetleri de al\u0131yorum. Ba\u015fkan\u0131m\u0131za ve ekibine \u00e7ok te\u015fekk\u00fcr ederiz\u201d ifadelerini kulland\u0131.<\/p>\n<p>\u201cOnlar bizim sessiz can dostlar\u0131m\u0131z\u201d<br \/>\n<br \/>Ba\u015fkan \u00c7avu\u015fo\u011flu, konuyla ilgili yapt\u0131\u011f\u0131 a\u00e7\u0131klamada, \u201cHayvanlar bizim sessiz can dostlar\u0131m\u0131z. Onlar\u0131n ya\u015fam haklar\u0131na sayg\u0131 duymak ve refahlar\u0131n\u0131 sa\u011flamak hepimizin ortak sorumlulu\u011fu. Hayvansever vatanda\u015flar\u0131m\u0131zla i\u015f birli\u011fi i\u00e7erisinde, sokak hayvanlar\u0131n\u0131n daha iyi \u015fartlarda ya\u015famas\u0131n\u0131 sa\u011flamak i\u00e7in \u00e7al\u0131\u015fmaya devam edece\u011fiz\u201d dedi.<br \/><\/p>\n","protected":false},"excerpt":{"rendered":"<p>Denizli B\u00fcy\u00fck\u015fehir Belediye Ba\u015fkan\u0131 B\u00fclent Nuri \u00c7avu\u015fo\u011flu, hayvanseverlerden gelen talebe h\u0131zl\u0131 bir \u015fekilde yan\u0131t vererek duyarl\u0131l\u0131\u011f\u0131n\u0131 bir kez daha g\u00f6zler \u00f6n\u00fcne serdi. Hafta sonu temaslar\u0131 s\u0131ras\u0131nda Selda \u00c7imen ve Halime Albayrak isimli hayvanseverler, sokakta besledikleri kediler i\u00e7in mama ve kedi evi talebinde bulundu. Ba\u015fkan \u00c7avu\u015fo\u011flu, bu iste\u011fi geri \u00e7evirmedi ve ekiplere talimat vererek gereken deste\u011fi&#8230;<\/p>\n","protected":false},"author":1,"featured_media":11254,"comment_status":"open","ping_status":"open","sticky":false,"template":"","format":"standard","meta":{"_crdt_document":"","footnotes":""},"categories":[123],"tags":[],"class_list":["post-11253","post","type-post","status-publish","format-standard","has-post-thumbnail","hentry","category-gundem"],"_links":{"self":[{"href":"https:\/\/www.egemtv.com\/index.php?rest_route=\/wp\/v2\/posts\/11253","targetHints":{"allow":["GET"]}}],"collection":[{"href":"https:\/\/www.egemtv.com\/index.php?rest_route=\/wp\/v2\/posts"}],"about":[{"href":"https:\/\/www.egemtv.com\/index.php?rest_route=\/wp\/v2\/types\/post"}],"author":[{"embeddable":true,"href":"https:\/\/www.egemtv.com\/index.php?rest_route=\/wp\/v2\/users\/1"}],"replies":[{"embeddable":true,"href":"https:\/\/www.egemtv.com\/index.php?rest_route=%2Fwp%2Fv2%2Fcomments&post=11253"}],"version-history":[{"count":1,"href":"https:\/\/www.egemtv.com\/index.php?rest_route=\/wp\/v2\/posts\/11253\/revisions"}],"predecessor-version":[{"id":11255,"href":"https:\/\/www.egemtv.com\/index.php?rest_route=\/wp\/v2\/posts\/11253\/revisions\/11255"}],"wp:featuredmedia":[{"embeddable":true,"href":"https:\/\/www.egemtv.com\/index.php?rest_route=\/wp\/v2\/media\/11254"}],"wp:attachment":[{"href":"https:\/\/www.egemtv.com\/index.php?rest_route=%2Fwp%2Fv2%2Fmedia&parent=11253"}],"wp:term":[{"taxonomy":"category","embeddable":true,"href":"https:\/\/www.egemtv.com\/index.php?rest_route=%2Fwp%2Fv2%2Fcategories&post=11253"},{"taxonomy":"post_tag","embeddable":true,"href":"https:\/\/www.egemtv.com\/index.php?rest_route=%2Fwp%2Fv2%2Ftags&post=11253"}],"curies":[{"name":"wp","href":"https:\/\/api.w.org\/{rel}","templated":true}]}}