{"id":11250,"date":"2025-01-21T15:59:10","date_gmt":"2025-01-21T12:59:10","guid":{"rendered":"https:\/\/www.egemtv.com\/?p=11250"},"modified":"2025-01-21T15:59:12","modified_gmt":"2025-01-21T12:59:12","slug":"jandarmanin-eve-yaptigi-operasyonda-cok-sayida-tarihi-eser-ele-gecirildi","status":"publish","type":"post","link":"https:\/\/www.egemtv.com\/?p=11250","title":{"rendered":"Jandarman\u0131n eve yapt\u0131\u011f\u0131 operasyonda \u00e7ok say\u0131da tarihi eser ele ge\u00e7irildi"},"content":{"rendered":"<p>Burdur\u2019da jandarma ekiplerinin bir eve d\u00fczenledi\u011fi operasyonda \u00e7ok say\u0131da tarihi eser ve silah ele ge\u00e7irilirken ev sahibi hakk\u0131nda adli i\u015flem ba\u015flat\u0131ld\u0131.<br \/>\n<br \/>Burdur \u0130l Jandarma Komutanl\u0131\u011f\u0131 ekipleri taraf\u0131ndan 16 Ocak\u2019ta merkeze ba\u011fl\u0131 Kozluca k\u00f6y\u00fcnde M.K. isimli \u015fahs\u0131n ikamet adresine, Cumhuriyet Ba\u015fsavc\u0131l\u0131\u011f\u0131 ile koordineli olarak, ka\u00e7ak\u00e7\u0131l\u0131k ve organize su\u00e7larla m\u00fccadeleye y\u00f6nelik operasyon d\u00fczenlendi. Operasyonda evde yap\u0131lan aramada 121 adet sikke, 92 adet \u00e7e\u015fitli nitelikte tarihi eser obje, 1 adet tarihi eser heykelcik, 2 adet dedekt\u00f6r, 1 adet 9 mm tabanca, 1 adet 7.62 mm yivli t\u00fcfek, 2 adet av t\u00fcfe\u011fi, 27 adet 7.62 mm yivli t\u00fcfek fi\u015fe\u011fi, 15 adet 9 mm tabanca fi\u015fe\u011fi, 143 adet av t\u00fcfe\u011fi fi\u015fe\u011fi ve 1 adet b\u0131\u00e7ak ele ge\u00e7irildi. G\u00f6zalt\u0131na al\u0131nan M.K. hakk\u0131nda adli i\u015flem ba\u015flat\u0131ld\u0131.<br \/><\/p>\n","protected":false},"excerpt":{"rendered":"<p>Burdur\u2019da jandarma ekiplerinin bir eve d\u00fczenledi\u011fi operasyonda \u00e7ok say\u0131da tarihi eser ve silah ele ge\u00e7irilirken ev sahibi hakk\u0131nda adli i\u015flem ba\u015flat\u0131ld\u0131. Burdur \u0130l Jandarma Komutanl\u0131\u011f\u0131 ekipleri taraf\u0131ndan 16 Ocak\u2019ta merkeze ba\u011fl\u0131 Kozluca k\u00f6y\u00fcnde M.K. isimli \u015fahs\u0131n ikamet adresine, Cumhuriyet Ba\u015fsavc\u0131l\u0131\u011f\u0131 ile koordineli olarak, ka\u00e7ak\u00e7\u0131l\u0131k ve organize su\u00e7larla m\u00fccadeleye y\u00f6nelik operasyon d\u00fczenlendi. Operasyonda evde yap\u0131lan aramada&#8230;<\/p>\n","protected":false},"author":1,"featured_media":11251,"comment_status":"open","ping_status":"open","sticky":false,"template":"","format":"standard","meta":{"_crdt_document":"","footnotes":""},"categories":[5],"tags":[],"class_list":["post-11250","post","type-post","status-publish","format-standard","has-post-thumbnail","hentry","category-asayis"],"_links":{"self":[{"href":"https:\/\/www.egemtv.com\/index.php?rest_route=\/wp\/v2\/posts\/11250","targetHints":{"allow":["GET"]}}],"collection":[{"href":"https:\/\/www.egemtv.com\/index.php?rest_route=\/wp\/v2\/posts"}],"about":[{"href":"https:\/\/www.egemtv.com\/index.php?rest_route=\/wp\/v2\/types\/post"}],"author":[{"embeddable":true,"href":"https:\/\/www.egemtv.com\/index.php?rest_route=\/wp\/v2\/users\/1"}],"replies":[{"embeddable":true,"href":"https:\/\/www.egemtv.com\/index.php?rest_route=%2Fwp%2Fv2%2Fcomments&post=11250"}],"version-history":[{"count":1,"href":"https:\/\/www.egemtv.com\/index.php?rest_route=\/wp\/v2\/posts\/11250\/revisions"}],"predecessor-version":[{"id":11252,"href":"https:\/\/www.egemtv.com\/index.php?rest_route=\/wp\/v2\/posts\/11250\/revisions\/11252"}],"wp:featuredmedia":[{"embeddable":true,"href":"https:\/\/www.egemtv.com\/index.php?rest_route=\/wp\/v2\/media\/11251"}],"wp:attachment":[{"href":"https:\/\/www.egemtv.com\/index.php?rest_route=%2Fwp%2Fv2%2Fmedia&parent=11250"}],"wp:term":[{"taxonomy":"category","embeddable":true,"href":"https:\/\/www.egemtv.com\/index.php?rest_route=%2Fwp%2Fv2%2Fcategories&post=11250"},{"taxonomy":"post_tag","embeddable":true,"href":"https:\/\/www.egemtv.com\/index.php?rest_route=%2Fwp%2Fv2%2Ftags&post=11250"}],"curies":[{"name":"wp","href":"https:\/\/api.w.org\/{rel}","templated":true}]}}