{"id":11247,"date":"2025-01-21T15:59:08","date_gmt":"2025-01-21T12:59:08","guid":{"rendered":"https:\/\/www.egemtv.com\/?p=11247"},"modified":"2025-01-21T15:59:09","modified_gmt":"2025-01-21T12:59:09","slug":"judoda-denizlili-nazifhan-ozen-turkiye-milli-takimina-secildi","status":"publish","type":"post","link":"https:\/\/www.egemtv.com\/?p=11247","title":{"rendered":"Judoda Denizlili Nazifhan \u00d6zen T\u00fcrkiye Milli Tak\u0131m\u0131na se\u00e7ildi"},"content":{"rendered":"<p>Denizlili Judocu Nazifhan \u00d6zen Ankara\u2019da d\u00fczenlene Paralimpik Judo m\u00fcsabakalar\u0131ndan g\u00fcm\u00fc\u015f madalyayla d\u00f6nd\u00fc.<br \/>\n<br \/>T\u00fcrkiye Judo Federasyonu taraf\u0131ndan d\u00fczenlenen \u201cEmre Yazgan Spor Toto G\u00f6rme Engelliler Judo T\u00fcrkiye \u015eampiyonas\u0131\u201d, 20 Ocak 2025 tarihinde Ankara\u2019da ger\u00e7ekle\u015fti. \u015eampiyonada Denizli\u2019yi temsil eden Kuzeyin Kartallar\u0131 Spor Kul\u00fcb\u00fc sporcusu Nazifhan \u00d6zen, J2 &#8211; 64 kg\u2019da T\u00fcrkiye \u0130kincisi olarak Paralimpik Judo Mill\u00ee tak\u0131m\u0131na se\u00e7ildi. Gen\u00e7 judocu ile antren\u00f6rler Nesrin \u00c7etin ve Mehmet \u00c7etin\u2019i kutlayan Denizli Gen\u00e7lik Spor \u0130l M\u00fcd\u00fcr\u00fc \u00d6mer \u0130lman, sporcuya ba\u015far\u0131lar\u0131n\u0131n artarak devam etmesi temennisinde bulundu.<br \/><\/p>\n","protected":false},"excerpt":{"rendered":"<p>Denizlili Judocu Nazifhan \u00d6zen Ankara\u2019da d\u00fczenlene Paralimpik Judo m\u00fcsabakalar\u0131ndan g\u00fcm\u00fc\u015f madalyayla d\u00f6nd\u00fc. T\u00fcrkiye Judo Federasyonu taraf\u0131ndan d\u00fczenlenen \u201cEmre Yazgan Spor Toto G\u00f6rme Engelliler Judo T\u00fcrkiye \u015eampiyonas\u0131\u201d, 20 Ocak 2025 tarihinde Ankara\u2019da ger\u00e7ekle\u015fti. \u015eampiyonada Denizli\u2019yi temsil eden Kuzeyin Kartallar\u0131 Spor Kul\u00fcb\u00fc sporcusu Nazifhan \u00d6zen, J2 &#8211; 64 kg\u2019da T\u00fcrkiye \u0130kincisi olarak Paralimpik Judo Mill\u00ee tak\u0131m\u0131na se\u00e7ildi&#8230;.<\/p>\n","protected":false},"author":1,"featured_media":11248,"comment_status":"open","ping_status":"open","sticky":false,"template":"","format":"standard","meta":{"_crdt_document":"","footnotes":""},"categories":[4],"tags":[],"class_list":["post-11247","post","type-post","status-publish","format-standard","has-post-thumbnail","hentry","category-spor"],"_links":{"self":[{"href":"https:\/\/www.egemtv.com\/index.php?rest_route=\/wp\/v2\/posts\/11247","targetHints":{"allow":["GET"]}}],"collection":[{"href":"https:\/\/www.egemtv.com\/index.php?rest_route=\/wp\/v2\/posts"}],"about":[{"href":"https:\/\/www.egemtv.com\/index.php?rest_route=\/wp\/v2\/types\/post"}],"author":[{"embeddable":true,"href":"https:\/\/www.egemtv.com\/index.php?rest_route=\/wp\/v2\/users\/1"}],"replies":[{"embeddable":true,"href":"https:\/\/www.egemtv.com\/index.php?rest_route=%2Fwp%2Fv2%2Fcomments&post=11247"}],"version-history":[{"count":1,"href":"https:\/\/www.egemtv.com\/index.php?rest_route=\/wp\/v2\/posts\/11247\/revisions"}],"predecessor-version":[{"id":11249,"href":"https:\/\/www.egemtv.com\/index.php?rest_route=\/wp\/v2\/posts\/11247\/revisions\/11249"}],"wp:featuredmedia":[{"embeddable":true,"href":"https:\/\/www.egemtv.com\/index.php?rest_route=\/wp\/v2\/media\/11248"}],"wp:attachment":[{"href":"https:\/\/www.egemtv.com\/index.php?rest_route=%2Fwp%2Fv2%2Fmedia&parent=11247"}],"wp:term":[{"taxonomy":"category","embeddable":true,"href":"https:\/\/www.egemtv.com\/index.php?rest_route=%2Fwp%2Fv2%2Fcategories&post=11247"},{"taxonomy":"post_tag","embeddable":true,"href":"https:\/\/www.egemtv.com\/index.php?rest_route=%2Fwp%2Fv2%2Ftags&post=11247"}],"curies":[{"name":"wp","href":"https:\/\/api.w.org\/{rel}","templated":true}]}}