{"id":11241,"date":"2025-01-21T15:43:10","date_gmt":"2025-01-21T12:43:10","guid":{"rendered":"https:\/\/www.egemtv.com\/?p=11241"},"modified":"2025-01-21T15:43:12","modified_gmt":"2025-01-21T12:43:12","slug":"yatagan-turgut-ve-yesilbagcilar-mahallelerine-yeni-su-kaynagi","status":"publish","type":"post","link":"https:\/\/www.egemtv.com\/?p=11241","title":{"rendered":"Yata\u011fan Turgut ve Ye\u015filba\u011fc\u0131lar Mahallelerine yeni su kayna\u011f\u0131"},"content":{"rendered":"<p>Mu\u011fla\u2019n\u0131n Yata\u011fan il\u00e7esi Turgut ve Ye\u015filba\u011fc\u0131lar mahallelerinde i\u00e7me suyu temini i\u00e7in ba\u015flat\u0131lan yeni hat yap\u0131m\u0131 ve revizyon \u00e7al\u0131\u015fmalar\u0131 h\u0131zla devam ediyor. \u00c7al\u0131\u015fmalar kapsam\u0131nda Turgut Mahallesine ilave i\u00e7me suyu, Ye\u015filba\u011fc\u0131lar Mahallesi\u2019nde ise mevcut hatt\u0131n yenileme \u00e7al\u0131\u015fmas\u0131 yap\u0131l\u0131yor.<br \/>\n<br \/>Mu\u011fla Su ve Kanalizasyon \u0130daresi (MUSK\u0130) Genel M\u00fcd\u00fcrl\u00fc\u011f\u00fc Yata\u011fan \u0130l\u00e7esi Turgut Mahallesi\u2019nin i\u00e7me suyu yetersizli\u011fini gidermek ve Ye\u015filba\u011fc\u0131lar Mahallesinde ise kullan\u0131m \u00f6mr\u00fcn\u00fc tamamlam\u0131\u015f hatlar\u0131 yenilenmek i\u00e7in \u00e7al\u0131\u015fma ba\u015flatt\u0131.<br \/>\n<br \/>Turgut\u2019a, Dipsiz\u2019den ilave su sa\u011flanacak<br \/>\n<br \/>Ekipler ba\u015flatt\u0131klar\u0131 \u00e7al\u0131\u015fma ile Turgut Mahallesine Yata\u011fan\u2019\u0131n \u00f6nemli kaynaklar\u0131ndan biri olan Dipsiz\u2019den su sa\u011flayarak b\u00f6lgenin artan su ihtiyac\u0131n\u0131 kar\u015f\u0131lam\u0131\u015f olacak. Bu proje i\u00e7in \u00f6ncelikle Dipsiz kayna\u011f\u0131ndan Turgut ve Ye\u015filba\u011fc\u0131lar ayr\u0131m\u0131na kadar 2 bin 200 metre hat yap\u0131lacak. Ard\u0131ndansuyun Turgut\u2019a aktar\u0131lmas\u0131 i\u00e7in 5 bin 450 metrelik hat \u00e7al\u0131\u015fmas\u0131na devam edilecek. Bunun yan\u0131 s\u0131ra ayr\u0131m hatt\u0131ndan 1651 metre Ye\u015filba\u011fc\u0131lar i\u00e7me suyu hatt\u0131 yenilenecek. Toplamda ise 9 bin 300 metrelik imalat \u00e7al\u0131\u015fmas\u0131 ger\u00e7ekle\u015ftirilecek.<br \/>\n<br \/>N\u00fcfusu 1.568 olan Turgut Mahallesi ve 883 olan Ye\u015filba\u011fc\u0131lar Mahallesi\u2019ne 2 May\u0131s 2025 tarihine kadar tamamlanmas\u0131 planlanan proje ile \u00f6nemli bir su altyap\u0131s\u0131 yenilemesi ger\u00e7ekle\u015ftirilecek. Bu \u00e7al\u0131\u015fmalar sonucunda her iki mahalleye de yeterli i\u00e7me suyu temini sa\u011flanm\u0131\u015f olacak. \u00c7al\u0131\u015fma kapsam\u0131nda her iki mahalleye toplamda 21 litre\/saniye i\u00e7me suyu sa\u011flanmas\u0131 hedefleniyor.<br \/><\/p>\n","protected":false},"excerpt":{"rendered":"<p>Mu\u011fla\u2019n\u0131n Yata\u011fan il\u00e7esi Turgut ve Ye\u015filba\u011fc\u0131lar mahallelerinde i\u00e7me suyu temini i\u00e7in ba\u015flat\u0131lan yeni hat yap\u0131m\u0131 ve revizyon \u00e7al\u0131\u015fmalar\u0131 h\u0131zla devam ediyor. \u00c7al\u0131\u015fmalar kapsam\u0131nda Turgut Mahallesine ilave i\u00e7me suyu, Ye\u015filba\u011fc\u0131lar Mahallesi\u2019nde ise mevcut hatt\u0131n yenileme \u00e7al\u0131\u015fmas\u0131 yap\u0131l\u0131yor. Mu\u011fla Su ve Kanalizasyon \u0130daresi (MUSK\u0130) Genel M\u00fcd\u00fcrl\u00fc\u011f\u00fc Yata\u011fan \u0130l\u00e7esi Turgut Mahallesi\u2019nin i\u00e7me suyu yetersizli\u011fini gidermek ve Ye\u015filba\u011fc\u0131lar Mahallesinde&#8230;<\/p>\n","protected":false},"author":1,"featured_media":11242,"comment_status":"open","ping_status":"open","sticky":false,"template":"","format":"standard","meta":{"_crdt_document":"","footnotes":""},"categories":[2],"tags":[],"class_list":["post-11241","post","type-post","status-publish","format-standard","has-post-thumbnail","hentry","category-saglik"],"_links":{"self":[{"href":"https:\/\/www.egemtv.com\/index.php?rest_route=\/wp\/v2\/posts\/11241","targetHints":{"allow":["GET"]}}],"collection":[{"href":"https:\/\/www.egemtv.com\/index.php?rest_route=\/wp\/v2\/posts"}],"about":[{"href":"https:\/\/www.egemtv.com\/index.php?rest_route=\/wp\/v2\/types\/post"}],"author":[{"embeddable":true,"href":"https:\/\/www.egemtv.com\/index.php?rest_route=\/wp\/v2\/users\/1"}],"replies":[{"embeddable":true,"href":"https:\/\/www.egemtv.com\/index.php?rest_route=%2Fwp%2Fv2%2Fcomments&post=11241"}],"version-history":[{"count":1,"href":"https:\/\/www.egemtv.com\/index.php?rest_route=\/wp\/v2\/posts\/11241\/revisions"}],"predecessor-version":[{"id":11243,"href":"https:\/\/www.egemtv.com\/index.php?rest_route=\/wp\/v2\/posts\/11241\/revisions\/11243"}],"wp:featuredmedia":[{"embeddable":true,"href":"https:\/\/www.egemtv.com\/index.php?rest_route=\/wp\/v2\/media\/11242"}],"wp:attachment":[{"href":"https:\/\/www.egemtv.com\/index.php?rest_route=%2Fwp%2Fv2%2Fmedia&parent=11241"}],"wp:term":[{"taxonomy":"category","embeddable":true,"href":"https:\/\/www.egemtv.com\/index.php?rest_route=%2Fwp%2Fv2%2Fcategories&post=11241"},{"taxonomy":"post_tag","embeddable":true,"href":"https:\/\/www.egemtv.com\/index.php?rest_route=%2Fwp%2Fv2%2Ftags&post=11241"}],"curies":[{"name":"wp","href":"https:\/\/api.w.org\/{rel}","templated":true}]}}