{"id":11238,"date":"2025-01-21T15:34:02","date_gmt":"2025-01-21T12:34:02","guid":{"rendered":"https:\/\/www.egemtv.com\/?p=11238"},"modified":"2025-01-21T15:34:04","modified_gmt":"2025-01-21T12:34:04","slug":"mugla-buyuksehirden-kadinlar-icin-hayatimin-ustasiyim-projesi","status":"publish","type":"post","link":"https:\/\/www.egemtv.com\/?p=11238","title":{"rendered":"Mu\u011fla B\u00fcy\u00fck\u015fehir\u2019den kad\u0131nlar i\u00e7in \u2018Hayat\u0131m\u0131n ustas\u0131y\u0131m\u2019 projesi"},"content":{"rendered":"<p>Mu\u011fla B\u00fcy\u00fck\u015fehir Belediyesi toplumsal cinsiyet e\u015fitli\u011fine dikkat \u00e7ekmek i\u00e7in kad\u0131nlara y\u00f6nelik marangozluk, boyac\u0131l\u0131k, tesisat ve elektrik gibi alanlarda e\u011fitim alaca\u011f\u0131 \u2018Hayat\u0131m\u0131n Ustas\u0131y\u0131m\u2019 projesi ba\u015flad\u0131.<br \/>\n<br \/>8 hafta s\u00fcrecek olan \u2018Hayat\u0131m\u0131n Ustas\u0131y\u0131m\u2019 projesi, kad\u0131nlar\u0131n hem mesleki beceriler edinmelerini hem de g\u00fcnl\u00fck ya\u015famda ihtiya\u00e7 duyabilecekleri pratik bilgileri \u00f6\u011frenmelerini ama\u00e7l\u0131yor. E\u011fitimler marangozluk ile ba\u015flay\u0131p, boyac\u0131l\u0131k, tesisat ve elektrik gibi alanlarda devam edecek. Proje sonunda kat\u0131l\u0131mc\u0131lar, kazand\u0131klar\u0131 becerilerle \u2018Hayat\u0131m\u0131n Ustas\u0131y\u0131m\u2019 diyebilecek donan\u0131ma sahip olacaklar.<br \/>\n<br \/>Hayat\u0131n\u0131n ustas\u0131 olmak isteyen kad\u0131nlardan b\u00fcy\u00fck ilgi<br \/>\n<br \/>B\u00fcy\u00fck ilgi g\u00f6ren  \u201cHayat\u0131m\u0131n Ustas\u0131y\u0131m\u201d projesi e\u011fitimlere ba\u015flad\u0131. Kad\u0131nlar\u0131 g\u00fc\u00e7lendirmeyi ve ya\u015fam\u0131n her alan\u0131nda aktif roller \u00fcstlenmelerini desteklemeyi ama\u00e7layan proje kapsam\u0131nda, marangozluk, boyac\u0131l\u0131k, tesisat ve elektrik gibi alanlarda e\u011fitimler verilmeye ba\u015fland\u0131.   \u00dccretsiz olarak d\u00fczenlenen bu e\u011fitimlerde kad\u0131nlar, uzman e\u011fitmenlerin rehberli\u011finde hem teorik bilgi edindi hem de pratik uygulamalarla yeteneklerini geli\u015ftirme imkan\u0131 yakalad\u0131. Kursiyerler 8 hafta s\u00fcrecek at\u00f6lye \u00e7al\u0131\u015fmalar\u0131nda, marangozlukta temel ah\u015fap i\u015fleme tekniklerinden boya yap\u0131m\u0131na , tesisatta su ka\u00e7a\u011f\u0131 onar\u0131m\u0131ndan elektrik kablolama becerilerine kadar bir\u00e7ok alanda temel bilgi ve beceri kazanacaklar.<br \/>\n<br \/>Kad\u0131nlar farkl\u0131 mesleki alanlarda \u00f6n plana \u00e7\u0131kabilecek<br \/>\n<br \/>Uygulamal\u0131 dersler kapsam\u0131nda, kad\u0131nlar\u0131n g\u00fcnl\u00fck hayatta kar\u015f\u0131la\u015fabilecekleri teknik sorunlar\u0131 \u00e7\u00f6zme becerileri geli\u015ftirilecek. Ayr\u0131ca, bu e\u011fitimler farkl\u0131 mesleki alanlara olan ilgilerini art\u0131rmay\u0131 ve te\u015fvik etmeyi ama\u00e7l\u0131yor.<br \/>\n<br \/>Mu\u011fla B\u00fcy\u00fck\u015fehir Belediyesi Destek Hizmetleri Daire Ba\u015fkanl\u0131\u011f\u0131 Marangozhane At\u00f6lye sorumlusu \u00dcmit \u00c7al\u0131\u015fkan, \u201cSekiz haftal\u0131k bir e\u011fitimimiz olacak. Marangozluk hakk\u0131nda tesisat art\u0131 elektrik ve boyama hakk\u0131nda at\u00f6lyelerimiz olacak. Kad\u0131nlar\u0131m\u0131z yararlanacak. Amac\u0131m\u0131z, hedefimiz kad\u0131nlar\u0131m\u0131z\u0131n biraz olsun marangozluk hakk\u0131nda bilgi edinmesi, el becerileri geli\u015ftirmesi. Bu e\u011fitimlerden sonra b\u00fct\u00fcn kad\u0131nlar\u0131m\u0131z hayat\u0131m\u0131n ustas\u0131y\u0131m diyebilecekler\u201d dedi.<br \/>\n<br \/>Kendisini geli\u015ftirmek i\u00e7in at\u00f6lyeye kat\u0131lan Kadriye Rabia Erdo\u011fmu\u015f, \u201cKursa gelmek isteyip de hen\u00fcz ba\u015fvuru yapmam\u0131\u015f olan kad\u0131nlar\u0131m\u0131z varsa mutlaka ba\u015fvurular\u0131n\u0131 yaps\u0131nlar. \u00c7\u00fcnk\u00fc \u00e7ok fazla \u015feyler \u00f6\u011frenece\u011fimizi ve bize \u00e7ok art\u0131lar kataca\u011f\u0131na ben eminim. Ba\u015fkan\u0131m\u0131z Say\u0131n Ahmet Aras\u2019a, \u00d6zge Ba\u015fkan\u2019\u0131m\u0131za ve eme\u011fi ge\u00e7en B\u00fcy\u00fck\u015fehir Belediyesi\u2019nin b\u00fct\u00fcn personellerine bu proje i\u00e7in \u00e7ok te\u015fekk\u00fcr ediyoruz\u201d dedi.<br \/>\n<br \/>At\u00f6lye ba\u015fvurular\u0131 ba\u015flar ba\u015flamaz kay\u0131t olan Derya \u00c7i\u00e7ek, \u201cBu projeyi d\u00fczenleyen ba\u015fkanlar\u0131m\u0131za \u00e7ok te\u015fekk\u00fcr ederim. \u015e\u00f6yle d\u00fc\u015f\u00fcn\u00fcyorum, neden erkek i\u015fi deyip, bu i\u015fler de kad\u0131nlar\u0131m\u0131z bir erke\u011fe ihtiya\u00e7 duymadan bir \u015feyler yapabilmesin diye d\u00fc\u015f\u00fcn\u00fcrken, ilan\u0131 g\u00f6rd\u00fcm, g\u00f6rd\u00fc\u011f\u00fcm g\u00fcn hemen ak\u015fam\u0131na ba\u015fvuru yapt\u0131m. Hem burada sosyalle\u015fmek a\u00e7\u0131s\u0131ndan, hem de burada bir \u015feyler \u00f6\u011frenmek a\u00e7\u0131s\u0131ndan kendimizi daha iyi hissetti\u011fimizi d\u00fc\u015f\u00fcn\u00fcyorum\u201d dedi.<br \/>\n<br \/>Projelerin di\u011fer belediyelere de \u00f6rnek olaca\u011f\u0131n\u0131 s\u00f6yleyen \u015eerife \u00d6zkan Aksoy, \u201cKad\u0131n erkek i\u015fi diye bir \u015fey yoktur. \u0130nsan i\u00e7in varsa bir i\u015f, her insan, kad\u0131n da olsun, erkek de olsun onu yapabilir. Kad\u0131nlar\u0131m\u0131z\u0131n her alanda olmas\u0131 gerekti\u011fine inan\u0131yorum. B\u00f6yle bir organizasyonda bulundu\u011fum i\u00e7in \u00e7ok mutluyum. Kad\u0131nlara b\u00f6yle bir imkan tan\u0131d\u0131klar\u0131 i\u00e7in B\u00fcy\u00fck\u015fehir Belediyesi\u2019ne \u00e7ok te\u015fekk\u00fcr ediyorum\u201d dedi.<br \/>\n<br \/>Kad\u0131nlar\u0131n sosyal hayata ve istihdama kat\u0131l\u0131m\u0131n\u0131n \u00f6nemini vurgulayan K\u0131y\u0131 Ege Belediyeler Birli\u011fi ve Mu\u011fla B\u00fcy\u00fck\u015fehir Belediye Ba\u015fkan\u0131 Ahmet Aras, toplumsal cinsiyet e\u015fitli\u011fini sa\u011flayan \u00e7al\u0131\u015fmalara devam ettiklerini, g\u00f6reve geldi\u011finden itibaren kurduklar\u0131 Kad\u0131n ve Aile Dairesi Ba\u015fkanl\u0131\u011f\u0131 ile \u00e7al\u0131\u015fmalar\u0131 ger\u00e7ekle\u015ftirmeye ba\u015flad\u0131klar\u0131n\u0131 a\u00e7\u0131klad\u0131.<br \/><\/p>\n","protected":false},"excerpt":{"rendered":"<p>Mu\u011fla B\u00fcy\u00fck\u015fehir Belediyesi toplumsal cinsiyet e\u015fitli\u011fine dikkat \u00e7ekmek i\u00e7in kad\u0131nlara y\u00f6nelik marangozluk, boyac\u0131l\u0131k, tesisat ve elektrik gibi alanlarda e\u011fitim alaca\u011f\u0131 \u2018Hayat\u0131m\u0131n Ustas\u0131y\u0131m\u2019 projesi ba\u015flad\u0131. 8 hafta s\u00fcrecek olan \u2018Hayat\u0131m\u0131n Ustas\u0131y\u0131m\u2019 projesi, kad\u0131nlar\u0131n hem mesleki beceriler edinmelerini hem de g\u00fcnl\u00fck ya\u015famda ihtiya\u00e7 duyabilecekleri pratik bilgileri \u00f6\u011frenmelerini ama\u00e7l\u0131yor. E\u011fitimler marangozluk ile ba\u015flay\u0131p, boyac\u0131l\u0131k, tesisat ve elektrik gibi&#8230;<\/p>\n","protected":false},"author":1,"featured_media":11239,"comment_status":"open","ping_status":"open","sticky":false,"template":"","format":"standard","meta":{"_crdt_document":"","footnotes":""},"categories":[123],"tags":[],"class_list":["post-11238","post","type-post","status-publish","format-standard","has-post-thumbnail","hentry","category-gundem"],"_links":{"self":[{"href":"https:\/\/www.egemtv.com\/index.php?rest_route=\/wp\/v2\/posts\/11238","targetHints":{"allow":["GET"]}}],"collection":[{"href":"https:\/\/www.egemtv.com\/index.php?rest_route=\/wp\/v2\/posts"}],"about":[{"href":"https:\/\/www.egemtv.com\/index.php?rest_route=\/wp\/v2\/types\/post"}],"author":[{"embeddable":true,"href":"https:\/\/www.egemtv.com\/index.php?rest_route=\/wp\/v2\/users\/1"}],"replies":[{"embeddable":true,"href":"https:\/\/www.egemtv.com\/index.php?rest_route=%2Fwp%2Fv2%2Fcomments&post=11238"}],"version-history":[{"count":1,"href":"https:\/\/www.egemtv.com\/index.php?rest_route=\/wp\/v2\/posts\/11238\/revisions"}],"predecessor-version":[{"id":11240,"href":"https:\/\/www.egemtv.com\/index.php?rest_route=\/wp\/v2\/posts\/11238\/revisions\/11240"}],"wp:featuredmedia":[{"embeddable":true,"href":"https:\/\/www.egemtv.com\/index.php?rest_route=\/wp\/v2\/media\/11239"}],"wp:attachment":[{"href":"https:\/\/www.egemtv.com\/index.php?rest_route=%2Fwp%2Fv2%2Fmedia&parent=11238"}],"wp:term":[{"taxonomy":"category","embeddable":true,"href":"https:\/\/www.egemtv.com\/index.php?rest_route=%2Fwp%2Fv2%2Fcategories&post=11238"},{"taxonomy":"post_tag","embeddable":true,"href":"https:\/\/www.egemtv.com\/index.php?rest_route=%2Fwp%2Fv2%2Ftags&post=11238"}],"curies":[{"name":"wp","href":"https:\/\/api.w.org\/{rel}","templated":true}]}}