{"id":11235,"date":"2025-01-21T15:19:36","date_gmt":"2025-01-21T12:19:36","guid":{"rendered":"https:\/\/www.egemtv.com\/?p=11235"},"modified":"2025-01-21T15:19:38","modified_gmt":"2025-01-21T12:19:38","slug":"manisaya-insaatcilar-carsisi-kazandiriliyor","status":"publish","type":"post","link":"https:\/\/www.egemtv.com\/?p=11235","title":{"rendered":"Manisa\u2019ya \u2018\u0130n\u015faat\u00e7\u0131lar \u00c7ar\u015f\u0131s\u0131\u2019 kazand\u0131r\u0131l\u0131yor"},"content":{"rendered":"<p>Manisa\u2019da do\u011falgaz tesisat\u00e7\u0131s\u0131ndan, elektrik ve su tesisat\u0131na, pencere ve cam ihtiya\u00e7lar\u0131na kadar t\u00fcm in\u015faat malzemelerinin bir arada bulunabilece\u011fi ve vatanda\u015flar\u0131n rahatl\u0131kla \u00fcr\u00fcn \u00e7e\u015fitlili\u011fine ula\u015fabilece\u011fi \u201c\u0130n\u015faat\u00e7\u0131lar \u00c7ar\u015f\u0131s\u0131\u201d kurulmas\u0131 amac\u0131yla Manisa \u0130n\u015faat Malzemeleri \u00dcreten ve Satanlar Derne\u011fi (M\u0130MSAD) taraf\u0131ndan giri\u015fimler ba\u015fland\u0131.<br \/>\n<br \/>Manisa \u0130n\u015faat Malzemeleri \u00dcreten ve Satanlar Derne\u011fi (M\u0130MSAD), d\u00fczenledi\u011fi bas\u0131n toplant\u0131s\u0131yla kurulmas\u0131 planlanan \u201c\u0130n\u015faat\u00e7\u0131lar \u00c7ar\u015f\u0131s\u0131\u201d projesiyle ilgili son durum hakk\u0131nda bilgi verdi. Hem Manisa bas\u0131n\u0131yla bir araya gelerek fikir al\u0131\u015fveri\u015finde bulunmak hem de \u201c\u0130n\u015faat\u00e7\u0131lar \u00c7ar\u015f\u0131s\u0131\u201d projesi hakk\u0131nda bilgi vermek istediklerini s\u00f6yleyen M\u0130MSAD Ba\u015fkan\u0131 \u00c7etin G\u00fcng\u00f6r, \u201cBizler in\u015faat malzemesi satanlar olarak bir araya gelmek istiyorduk. Biz bir dernek \u00e7at\u0131s\u0131 alt\u0131nda toplanmal\u0131yd\u0131k. Biz de 7 ki\u015fiyi buldu\u011fumuz g\u00fcn resmi prosed\u00fcr\u00fcn\u00fc yaparak derne\u011fimizi kurduk. 35 \u00fcyemizle \u00e7al\u0131\u015fmalar\u0131m\u0131z\u0131 y\u00fcr\u00fct\u00fcyoruz. \u00dcye say\u0131m\u0131z g\u00fcnden g\u00fcne art\u0131yor. \u0130\u00e7imize pencereci, fayans\u00e7\u0131, musluk\u00e7u, do\u011falgaz elektrik tesisat\u00e7\u0131lar\u0131 var. Bizler sekt\u00f6rde birbirimizin rakibiyiz ama ayn\u0131 zamanda meslekta\u015f\u0131z. Biz barda\u011f\u0131n dolu taraf\u0131ndan bakarak iyi bir \u00f6nek olma \u00e7abam\u0131z var. Hem sekt\u00f6r\u00fcm\u00fcz hem de Manisa\u2019m\u0131z\u0131n i\u00e7in bir araya gelmemizdeki en b\u00fcy\u00fck etkenlerden biri Manisa\u2019da olmas\u0131 gerekti\u011fine inand\u0131\u011f\u0131m\u0131z bir in\u015faat\u00e7\u0131lar \u00e7ar\u015f\u0131s\u0131 olu\u015fturmak istiyoruz. Bu i\u015fi bireysel takipo etmek m\u00fcmk\u00fcn de\u011fil. T\u00fcm payda\u015flar\u0131n bir araya gelmesi gerekiyor. Ba\u015far\u0131l\u0131 oluyoruz bunda da. Manisa\u2019n\u0131n uzun y\u0131llard\u0131r in\u015faat\u00e7\u0131lar \u00e7ar\u015f\u0131s\u0131na ihtiyac\u0131 var. Bu ba\u011flamda protokol ziyaretleri yapt\u0131k. Manisa Valimiz Vahdettin \u00d6zkan\u2019\u0131 ziyaret ettik. Paraya ihtiyac\u0131m\u0131z yok bizim bir arsa tahsisine ihtiyac\u0131m\u0131z\u0131n oldu\u011funu, toplu olarak bir arada olmak istedi\u011fimizi s\u00f6yledik. Yard\u0131mc\u0131 oldular. Manisa B\u00fcy\u00fck\u015fehir Belediye Ba\u015fkan\u0131 Mimar Ferdi Zeyrek\u2019i ziyaret ettik. O da sekt\u00f6r\u00fcm\u00fczden bir isim. Manisa\u2019da \u00e7ar\u015f\u0131 merkezine bir t\u0131r\u0131n yana\u015fmas\u0131 \u00e7ok b\u00fcy\u00fck sorun. Trafik kilitleniyor, belirli saatlerde bu t\u0131rlar\u0131 kent merkezine alabiliyoruz. Sorunun o da fark\u0131nda. Projemize s\u0131cak bakt\u0131. Biz birle\u015ftik ve ba\u015fkan\u0131m\u0131zdan da yard\u0131m istedik. Bize yard\u0131mc\u0131 olaca\u011f\u0131ndan eminiz. Manisa Ticaret ve Sanayi Odas\u0131 Ba\u015fkan\u0131 Mehmet Y\u0131lmaz\u2019\u0131 da ziyaret ettik. Onlar da bu i\u015fin bir ucundan tutacakt\u0131r. Yunusemre Belediye Ba\u015fkan\u0131 Semih Balaban\u2019a da projemizi anlatt\u0131k. Oda destek sunacakt\u0131r. Manisa\u2019daki her kesimin bu sorunla dertlenmesi gerekiyor. Bu konuda hem yard\u0131mc\u0131 oluyorlar hem de fikir veriyorlar. Biz do\u011fru bir yolda gidiyoruz. Yak\u0131n zamanda in\u015fallah bu \u00e7ar\u015f\u0131y\u0131 kuraca\u011f\u0131z\u201d dedi.<br \/><\/p>\n","protected":false},"excerpt":{"rendered":"<p>Manisa\u2019da do\u011falgaz tesisat\u00e7\u0131s\u0131ndan, elektrik ve su tesisat\u0131na, pencere ve cam ihtiya\u00e7lar\u0131na kadar t\u00fcm in\u015faat malzemelerinin bir arada bulunabilece\u011fi ve vatanda\u015flar\u0131n rahatl\u0131kla \u00fcr\u00fcn \u00e7e\u015fitlili\u011fine ula\u015fabilece\u011fi \u201c\u0130n\u015faat\u00e7\u0131lar \u00c7ar\u015f\u0131s\u0131\u201d kurulmas\u0131 amac\u0131yla Manisa \u0130n\u015faat Malzemeleri \u00dcreten ve Satanlar Derne\u011fi (M\u0130MSAD) taraf\u0131ndan giri\u015fimler ba\u015fland\u0131. Manisa \u0130n\u015faat Malzemeleri \u00dcreten ve Satanlar Derne\u011fi (M\u0130MSAD), d\u00fczenledi\u011fi bas\u0131n toplant\u0131s\u0131yla kurulmas\u0131 planlanan \u201c\u0130n\u015faat\u00e7\u0131lar \u00c7ar\u015f\u0131s\u0131\u201d projesiyle&#8230;<\/p>\n","protected":false},"author":1,"featured_media":11236,"comment_status":"open","ping_status":"open","sticky":false,"template":"","format":"standard","meta":{"_crdt_document":"","footnotes":""},"categories":[125],"tags":[],"class_list":["post-11235","post","type-post","status-publish","format-standard","has-post-thumbnail","hentry","category-ekonomi"],"_links":{"self":[{"href":"https:\/\/www.egemtv.com\/index.php?rest_route=\/wp\/v2\/posts\/11235","targetHints":{"allow":["GET"]}}],"collection":[{"href":"https:\/\/www.egemtv.com\/index.php?rest_route=\/wp\/v2\/posts"}],"about":[{"href":"https:\/\/www.egemtv.com\/index.php?rest_route=\/wp\/v2\/types\/post"}],"author":[{"embeddable":true,"href":"https:\/\/www.egemtv.com\/index.php?rest_route=\/wp\/v2\/users\/1"}],"replies":[{"embeddable":true,"href":"https:\/\/www.egemtv.com\/index.php?rest_route=%2Fwp%2Fv2%2Fcomments&post=11235"}],"version-history":[{"count":1,"href":"https:\/\/www.egemtv.com\/index.php?rest_route=\/wp\/v2\/posts\/11235\/revisions"}],"predecessor-version":[{"id":11237,"href":"https:\/\/www.egemtv.com\/index.php?rest_route=\/wp\/v2\/posts\/11235\/revisions\/11237"}],"wp:featuredmedia":[{"embeddable":true,"href":"https:\/\/www.egemtv.com\/index.php?rest_route=\/wp\/v2\/media\/11236"}],"wp:attachment":[{"href":"https:\/\/www.egemtv.com\/index.php?rest_route=%2Fwp%2Fv2%2Fmedia&parent=11235"}],"wp:term":[{"taxonomy":"category","embeddable":true,"href":"https:\/\/www.egemtv.com\/index.php?rest_route=%2Fwp%2Fv2%2Fcategories&post=11235"},{"taxonomy":"post_tag","embeddable":true,"href":"https:\/\/www.egemtv.com\/index.php?rest_route=%2Fwp%2Fv2%2Ftags&post=11235"}],"curies":[{"name":"wp","href":"https:\/\/api.w.org\/{rel}","templated":true}]}}