{"id":11232,"date":"2025-01-21T15:16:34","date_gmt":"2025-01-21T12:16:34","guid":{"rendered":"https:\/\/www.egemtv.com\/?p=11232"},"modified":"2025-01-21T15:16:36","modified_gmt":"2025-01-21T12:16:36","slug":"manisa-fknin-tek-hedefi-galibiyet","status":"publish","type":"post","link":"https:\/\/www.egemtv.com\/?p=11232","title":{"rendered":"Manisa FK\u2019n\u0131n tek hedefi galibiyet"},"content":{"rendered":"<p>Trendyol 1. Lig\u2019de ini\u015fli \u00e7\u0131k\u0131\u015fl\u0131 bir grafik \u00e7izen ve son iki hafta kendi evinde kaybetti\u011fi ma\u00e7larla d\u00fc\u015fme hatt\u0131n\u0131n hemen \u00fcst\u00fcnde yer alan Manisa FK, ligin 21. haftas\u0131nda deplasmanda kar\u015f\u0131la\u015faca\u011f\u0131 Sakaryaspor\u2019u yenerek k\u00f6t\u00fc gidi\u015fata son vermek istiyor.<br \/>\n<br \/>Manisa FK Trendyol 1. Lig\u2019in 21. haftas\u0131nda deplasmanda Sakaryaspor\u2019un konu\u011fu olacak. Ligin ikinci yar\u0131s\u0131na kendi evinde \u00f6nce \u00dcmraniyespor\u2019a 3-0, ard\u0131ndan da yine kendi evinde \u0130stanbulspor\u2019a 1-0 kaybederek k\u00f6t\u00fc bir ba\u015flang\u0131\u00e7 yapan Manisa FK, kendisi gibi 26 puana sahip Sakaryaspor kar\u015f\u0131la\u015fmas\u0131ndan deplasmanda galibiyetle ayr\u0131larak k\u00f6t\u00fc gidi\u015fata son vermek istiyor. Teknik Direkt\u00f6r Hakan \u015eap\u00e7\u0131 idaresinde Sakaryaspor ma\u00e7\u0131 haz\u0131rl\u0131klar\u0131n\u0131 s\u00fcrd\u00fcren Manisa FK, ligin 20. haftas\u0131 sonunda 8 galibiyet, 2 beraberlik, 10 yenilgi sonras\u0131 toplad\u0131\u011f\u0131 26 puan ve eksi 3 averajla 15. s\u0131rada yer al\u0131yor. Manisa FK\u2019n\u0131n rakibi Sakaryaspor ise 6 galibiyet, 8 beraberlik, 6 ma\u011flubiyetle 26 puan ve eksi 3 averajla Manisa FK\u2019n\u0131n hemen alt\u0131nda 16. s\u0131rada yer al\u0131yor. D\u00fc\u015fme hatt\u0131na yak\u0131n iki tak\u0131m\u0131n m\u00fccadelesinden galibiyetle ayr\u0131lacak tak\u0131m rahat bir nefes alm\u0131\u015f olacak.<br \/>\n<br \/>Manisa FK ile Sakaryaspor aras\u0131nda ligin ilk devresi Manisa 19 May\u0131s Stadyumu\u2019nda oynanan kar\u015f\u0131la\u015fma 2-2 beraberlikle sona ermi\u015fti. Manisa FK ile Sakaryaspor aras\u0131nda 1. Lig\u2019de oynanan 5 m\u00fccadelede ise Sakaryaspor\u2019un 2 galibiyetine kar\u015f\u0131 Manisa FK\u2019n\u0131n 1 galibiyeti bulunuyor. \u0130ki tak\u0131m aras\u0131ndaki 2 kar\u015f\u0131la\u015fma da beraberlikle sona erdi. Sakaryaspor kendi evinde oynad\u0131\u011f\u0131 Manisa FK ma\u00e7lar\u0131n\u0131n 2\u2019sinden de galibiyetle ayr\u0131lmay\u0131 ba\u015fard\u0131.<br \/><\/p>\n","protected":false},"excerpt":{"rendered":"<p>Trendyol 1. Lig\u2019de ini\u015fli \u00e7\u0131k\u0131\u015fl\u0131 bir grafik \u00e7izen ve son iki hafta kendi evinde kaybetti\u011fi ma\u00e7larla d\u00fc\u015fme hatt\u0131n\u0131n hemen \u00fcst\u00fcnde yer alan Manisa FK, ligin 21. haftas\u0131nda deplasmanda kar\u015f\u0131la\u015faca\u011f\u0131 Sakaryaspor\u2019u yenerek k\u00f6t\u00fc gidi\u015fata son vermek istiyor. Manisa FK Trendyol 1. Lig\u2019in 21. haftas\u0131nda deplasmanda Sakaryaspor\u2019un konu\u011fu olacak. Ligin ikinci yar\u0131s\u0131na kendi evinde \u00f6nce \u00dcmraniyespor\u2019a 3-0,&#8230;<\/p>\n","protected":false},"author":1,"featured_media":11233,"comment_status":"open","ping_status":"open","sticky":false,"template":"","format":"standard","meta":{"_crdt_document":"","footnotes":""},"categories":[4],"tags":[],"class_list":["post-11232","post","type-post","status-publish","format-standard","has-post-thumbnail","hentry","category-spor"],"_links":{"self":[{"href":"https:\/\/www.egemtv.com\/index.php?rest_route=\/wp\/v2\/posts\/11232","targetHints":{"allow":["GET"]}}],"collection":[{"href":"https:\/\/www.egemtv.com\/index.php?rest_route=\/wp\/v2\/posts"}],"about":[{"href":"https:\/\/www.egemtv.com\/index.php?rest_route=\/wp\/v2\/types\/post"}],"author":[{"embeddable":true,"href":"https:\/\/www.egemtv.com\/index.php?rest_route=\/wp\/v2\/users\/1"}],"replies":[{"embeddable":true,"href":"https:\/\/www.egemtv.com\/index.php?rest_route=%2Fwp%2Fv2%2Fcomments&post=11232"}],"version-history":[{"count":1,"href":"https:\/\/www.egemtv.com\/index.php?rest_route=\/wp\/v2\/posts\/11232\/revisions"}],"predecessor-version":[{"id":11234,"href":"https:\/\/www.egemtv.com\/index.php?rest_route=\/wp\/v2\/posts\/11232\/revisions\/11234"}],"wp:featuredmedia":[{"embeddable":true,"href":"https:\/\/www.egemtv.com\/index.php?rest_route=\/wp\/v2\/media\/11233"}],"wp:attachment":[{"href":"https:\/\/www.egemtv.com\/index.php?rest_route=%2Fwp%2Fv2%2Fmedia&parent=11232"}],"wp:term":[{"taxonomy":"category","embeddable":true,"href":"https:\/\/www.egemtv.com\/index.php?rest_route=%2Fwp%2Fv2%2Fcategories&post=11232"},{"taxonomy":"post_tag","embeddable":true,"href":"https:\/\/www.egemtv.com\/index.php?rest_route=%2Fwp%2Fv2%2Ftags&post=11232"}],"curies":[{"name":"wp","href":"https:\/\/api.w.org\/{rel}","templated":true}]}}