{"id":11226,"date":"2025-01-21T15:13:41","date_gmt":"2025-01-21T12:13:41","guid":{"rendered":"https:\/\/www.egemtv.com\/?p=11226"},"modified":"2025-01-21T15:13:43","modified_gmt":"2025-01-21T12:13:43","slug":"buyuksehir-kusadasinda-calismalarini-surduruyor","status":"publish","type":"post","link":"https:\/\/www.egemtv.com\/?p=11226","title":{"rendered":"B\u00fcy\u00fck\u015fehir, Ku\u015fadas\u0131\u2019nda \u00e7al\u0131\u015fmalar\u0131n\u0131 s\u00fcrd\u00fcr\u00fcyor"},"content":{"rendered":"<p>Ayd\u0131n B\u00fcy\u00fck\u015fehir Belediyesi, kente de\u011fer katan \u00e7al\u0131\u015fmalar\u0131na h\u0131z kesmeden devam ediyor. B\u00fcy\u00fck\u015fehir Belediyesi Park ve Bah\u00e7eler Dairesi Ba\u015fkanl\u0131\u011f\u0131, \u00c7evre Koruma ve Kontrol Dairesi Ba\u015fkanl\u0131\u011f\u0131 ile Ula\u015f\u0131m Dairesi Ba\u015fkanl\u0131\u011f\u0131 ekipleri Ku\u015fadas\u0131 il\u00e7esinde kapsaml\u0131 \u00e7al\u0131\u015fma ger\u00e7ekle\u015ftirdi.<br \/>\n<br \/>B\u00fcy\u00fck\u015fehir Belediyesi taraf\u0131ndan t\u00fcm il\u00e7elerde oldu\u011fu gibi Ku\u015fadas\u0131\u2019nda da mesai mefhumu g\u00f6zetmeksizin s\u00fcrd\u00fcr\u00fclen \u00e7al\u0131\u015fmalar devam ediyor. \u00c7al\u0131\u015fmalar, Ku\u015fadas\u0131\u2019nda ya\u015fayan vatanda\u015flar taraf\u0131ndan da takdirle kar\u015f\u0131lan\u0131yor.<br \/>\n<br \/>Park ve Bah\u00e7eler Dairesi Ba\u015fkanl\u0131\u011f\u0131 ekipleri, il\u00e7enin ana arterlerinde peyzaj ve \u00e7evre d\u00fczenleme \u00e7al\u0131\u015fmalar\u0131na devam ediyor. S\u00fcrd\u00fcr\u00fclen \u00e7al\u0131\u015fmalar kapsam\u0131nda budama, trim\u00f6r ve \u00e7\u0131rpma faaliyetlerinin yan\u0131 s\u0131ra Atat\u00fcrk Bulvar\u0131 ba\u015fta olmak \u00fczere farkl\u0131 noktalarda ref\u00fcj boyamas\u0131 da ger\u00e7ekle\u015ftiriliyor.<br \/>\n<br \/>Mevsimlik \u00e7i\u00e7ek dikimi de ger\u00e7ekle\u015ftiren ekipler, il\u00e7eyi do\u011fan\u0131n rengarenk tonlar\u0131 ile boyuyor. B\u00fcy\u00fck\u015fehir Belediyesi\u2019nin fidanl\u0131klar\u0131nda kad\u0131nlar taraf\u0131ndan yeti\u015ftirilen \u00e7i\u00e7ekler Ku\u015fadas\u0131\u2019n\u0131 s\u00fcsl\u00fcyor.<br \/>\n<br \/>Ula\u015f\u0131m Dairesi Ba\u015fkanl\u0131\u011f\u0131 ekipleri taraf\u0131ndan il\u00e7ede bulunan otob\u00fcs duraklar\u0131nda ger\u00e7ekle\u015ftirilen onar\u0131m ve bak\u0131m \u00e7al\u0131\u015fmalar\u0131 devam ediyor. Hummal\u0131 \u00e7al\u0131\u015fmalar ile otob\u00fcs duraklar\u0131 ilk g\u00fcnk\u00fc gibi oluyor.<br \/>\n<br \/>\u00c7evre Koruma ve Kontrol Dairesi Ba\u015fkanl\u0131\u011f\u0131 ekipleri, Ku\u015fadas\u0131\u2019n\u0131n caddeleri ile bulvarlar\u0131nda ve otob\u00fcs duraklar\u0131nda \u00e7evre koruma ve bak\u0131m \u00e7al\u0131\u015fmalar\u0131n\u0131 s\u00fcrd\u00fcr\u00fcyor.<br \/>\n<br \/>B\u00fcy\u00fck\u015fehir Belediyesi taraf\u0131ndan Ayd\u0131n\u2019\u0131n t\u00fcm il\u00e7elerinde ger\u00e7ekle\u015ftirilen \u00e7al\u0131\u015fmalar\u0131n devam edece\u011fini belirten Ba\u015fkan \u00c7er\u00e7io\u011flu, \u201cG\u00fczel Ayd\u0131n\u0131m\u0131za ve hem\u015fehrilerimize hizmetlerimizi ula\u015ft\u0131rmaya, kentimiz i\u00e7in \u00e7al\u0131\u015fmaya devam ediyoruz. Vatanda\u015f odakl\u0131 \u00e7al\u0131\u015fmalar\u0131m\u0131z\u0131 s\u00fcrd\u00fcrecek, hizmetlerimize devam edece\u011fiz\u201d ifadelerini kulland\u0131.<br \/>\n<br \/>\u00c7al\u0131\u015fmalardan memnuniyet duyduklar\u0131n\u0131 belirten vatanda\u015flar, hizmetlerinden dolay\u0131 Ayd\u0131n B\u00fcy\u00fck\u015fehir Belediye Ba\u015fkan\u0131 \u00d6zlem \u00c7er\u00e7io\u011flu\u2019na te\u015fekk\u00fcr etti.<br \/><\/p>\n","protected":false},"excerpt":{"rendered":"<p>Ayd\u0131n B\u00fcy\u00fck\u015fehir Belediyesi, kente de\u011fer katan \u00e7al\u0131\u015fmalar\u0131na h\u0131z kesmeden devam ediyor. B\u00fcy\u00fck\u015fehir Belediyesi Park ve Bah\u00e7eler Dairesi Ba\u015fkanl\u0131\u011f\u0131, \u00c7evre Koruma ve Kontrol Dairesi Ba\u015fkanl\u0131\u011f\u0131 ile Ula\u015f\u0131m Dairesi Ba\u015fkanl\u0131\u011f\u0131 ekipleri Ku\u015fadas\u0131 il\u00e7esinde kapsaml\u0131 \u00e7al\u0131\u015fma ger\u00e7ekle\u015ftirdi. B\u00fcy\u00fck\u015fehir Belediyesi taraf\u0131ndan t\u00fcm il\u00e7elerde oldu\u011fu gibi Ku\u015fadas\u0131\u2019nda da mesai mefhumu g\u00f6zetmeksizin s\u00fcrd\u00fcr\u00fclen \u00e7al\u0131\u015fmalar devam ediyor. \u00c7al\u0131\u015fmalar, Ku\u015fadas\u0131\u2019nda ya\u015fayan vatanda\u015flar taraf\u0131ndan&#8230;<\/p>\n","protected":false},"author":1,"featured_media":11227,"comment_status":"open","ping_status":"open","sticky":false,"template":"","format":"standard","meta":{"_crdt_document":"","footnotes":""},"categories":[1],"tags":[],"class_list":["post-11226","post","type-post","status-publish","format-standard","has-post-thumbnail","hentry","category-guncel"],"_links":{"self":[{"href":"https:\/\/www.egemtv.com\/index.php?rest_route=\/wp\/v2\/posts\/11226","targetHints":{"allow":["GET"]}}],"collection":[{"href":"https:\/\/www.egemtv.com\/index.php?rest_route=\/wp\/v2\/posts"}],"about":[{"href":"https:\/\/www.egemtv.com\/index.php?rest_route=\/wp\/v2\/types\/post"}],"author":[{"embeddable":true,"href":"https:\/\/www.egemtv.com\/index.php?rest_route=\/wp\/v2\/users\/1"}],"replies":[{"embeddable":true,"href":"https:\/\/www.egemtv.com\/index.php?rest_route=%2Fwp%2Fv2%2Fcomments&post=11226"}],"version-history":[{"count":1,"href":"https:\/\/www.egemtv.com\/index.php?rest_route=\/wp\/v2\/posts\/11226\/revisions"}],"predecessor-version":[{"id":11228,"href":"https:\/\/www.egemtv.com\/index.php?rest_route=\/wp\/v2\/posts\/11226\/revisions\/11228"}],"wp:featuredmedia":[{"embeddable":true,"href":"https:\/\/www.egemtv.com\/index.php?rest_route=\/wp\/v2\/media\/11227"}],"wp:attachment":[{"href":"https:\/\/www.egemtv.com\/index.php?rest_route=%2Fwp%2Fv2%2Fmedia&parent=11226"}],"wp:term":[{"taxonomy":"category","embeddable":true,"href":"https:\/\/www.egemtv.com\/index.php?rest_route=%2Fwp%2Fv2%2Fcategories&post=11226"},{"taxonomy":"post_tag","embeddable":true,"href":"https:\/\/www.egemtv.com\/index.php?rest_route=%2Fwp%2Fv2%2Ftags&post=11226"}],"curies":[{"name":"wp","href":"https:\/\/api.w.org\/{rel}","templated":true}]}}