{"id":11223,"date":"2025-01-21T15:07:18","date_gmt":"2025-01-21T12:07:18","guid":{"rendered":"https:\/\/www.egemtv.com\/?p=11223"},"modified":"2025-01-21T15:07:20","modified_gmt":"2025-01-21T12:07:20","slug":"okul-sporlarinin-aydin-ayagi-tamamlandi","status":"publish","type":"post","link":"https:\/\/www.egemtv.com\/?p=11223","title":{"rendered":"Okul sporlar\u0131n\u0131n Ayd\u0131n aya\u011f\u0131 tamamland\u0131"},"content":{"rendered":"<p>Ayd\u0131n Gen\u00e7lik ve Spor \u0130l M\u00fcd\u00fcrl\u00fc\u011f\u00fc koordinesinde d\u00fczenlenen Okul Sporlar\u0131 Gen\u00e7 Erkek-K\u0131z Basketbol Grup M\u00fcsabakalar\u0131n\u0131n Ayd\u0131n aya\u011f\u0131, Atat\u00fcrk Spor Salonu\u2019nda ger\u00e7ekle\u015fen \u00f6d\u00fcl t\u00f6reniyle sona erdi.<br \/>\n<br \/>Turnuva boyunca b\u00fcy\u00fck bir heyecana sahne olan organizasyonda dereceye giren tak\u0131mlar kupalar\u0131n\u0131 alarak T\u00fcrkiye finallerine gitmeye hak kazand\u0131.<br \/>\n<br \/>Ayd\u0131n, \u0130zmir, Mu\u011fla, Denizli, Antalya ve Manisa\u2019dan toplam 14 tak\u0131m ve 150\u2019den fazla sporcunun kat\u0131ld\u0131\u011f\u0131 m\u00fcsabakalar, bir haftal\u0131k bir basketbol \u015f\u00f6lenine d\u00f6n\u00fc\u015ft\u00fc. Turnuvan\u0131n sonunda Ayd\u0131n Gen\u00e7lik ve Spor \u0130l M\u00fcd\u00fcrl\u00fc\u011f\u00fc, turnuvaya kat\u0131lan t\u00fcm sporcular\u0131 tebrik ederek, m\u00fcsabakalar\u0131n ba\u015far\u0131yla tamamlanmas\u0131nda eme\u011fi ge\u00e7enlere te\u015fekk\u00fcr etti. \u0130l M\u00fcd\u00fcrl\u00fc\u011f\u00fc ayr\u0131ca, yar\u0131 final m\u00fcsabakalar\u0131na kat\u0131lacak tak\u0131mlara ba\u015far\u0131lar diledi.<br \/><\/p>\n","protected":false},"excerpt":{"rendered":"<p>Ayd\u0131n Gen\u00e7lik ve Spor \u0130l M\u00fcd\u00fcrl\u00fc\u011f\u00fc koordinesinde d\u00fczenlenen Okul Sporlar\u0131 Gen\u00e7 Erkek-K\u0131z Basketbol Grup M\u00fcsabakalar\u0131n\u0131n Ayd\u0131n aya\u011f\u0131, Atat\u00fcrk Spor Salonu\u2019nda ger\u00e7ekle\u015fen \u00f6d\u00fcl t\u00f6reniyle sona erdi. Turnuva boyunca b\u00fcy\u00fck bir heyecana sahne olan organizasyonda dereceye giren tak\u0131mlar kupalar\u0131n\u0131 alarak T\u00fcrkiye finallerine gitmeye hak kazand\u0131. Ayd\u0131n, \u0130zmir, Mu\u011fla, Denizli, Antalya ve Manisa\u2019dan toplam 14 tak\u0131m ve 150\u2019den&#8230;<\/p>\n","protected":false},"author":1,"featured_media":11224,"comment_status":"open","ping_status":"open","sticky":false,"template":"","format":"standard","meta":{"_crdt_document":"","footnotes":""},"categories":[1],"tags":[],"class_list":["post-11223","post","type-post","status-publish","format-standard","has-post-thumbnail","hentry","category-guncel"],"_links":{"self":[{"href":"https:\/\/www.egemtv.com\/index.php?rest_route=\/wp\/v2\/posts\/11223","targetHints":{"allow":["GET"]}}],"collection":[{"href":"https:\/\/www.egemtv.com\/index.php?rest_route=\/wp\/v2\/posts"}],"about":[{"href":"https:\/\/www.egemtv.com\/index.php?rest_route=\/wp\/v2\/types\/post"}],"author":[{"embeddable":true,"href":"https:\/\/www.egemtv.com\/index.php?rest_route=\/wp\/v2\/users\/1"}],"replies":[{"embeddable":true,"href":"https:\/\/www.egemtv.com\/index.php?rest_route=%2Fwp%2Fv2%2Fcomments&post=11223"}],"version-history":[{"count":1,"href":"https:\/\/www.egemtv.com\/index.php?rest_route=\/wp\/v2\/posts\/11223\/revisions"}],"predecessor-version":[{"id":11225,"href":"https:\/\/www.egemtv.com\/index.php?rest_route=\/wp\/v2\/posts\/11223\/revisions\/11225"}],"wp:featuredmedia":[{"embeddable":true,"href":"https:\/\/www.egemtv.com\/index.php?rest_route=\/wp\/v2\/media\/11224"}],"wp:attachment":[{"href":"https:\/\/www.egemtv.com\/index.php?rest_route=%2Fwp%2Fv2%2Fmedia&parent=11223"}],"wp:term":[{"taxonomy":"category","embeddable":true,"href":"https:\/\/www.egemtv.com\/index.php?rest_route=%2Fwp%2Fv2%2Fcategories&post=11223"},{"taxonomy":"post_tag","embeddable":true,"href":"https:\/\/www.egemtv.com\/index.php?rest_route=%2Fwp%2Fv2%2Ftags&post=11223"}],"curies":[{"name":"wp","href":"https:\/\/api.w.org\/{rel}","templated":true}]}}