{"id":11220,"date":"2025-01-21T15:01:17","date_gmt":"2025-01-21T12:01:17","guid":{"rendered":"https:\/\/www.egemtv.com\/?p=11220"},"modified":"2025-01-21T15:01:19","modified_gmt":"2025-01-21T12:01:19","slug":"buyuksehirden-germencike-725-milyonluk-yatirim","status":"publish","type":"post","link":"https:\/\/www.egemtv.com\/?p=11220","title":{"rendered":"B\u00fcy\u00fck\u015fehir\u2019den, Germencik\u2019e 725 milyonluk yat\u0131r\u0131m"},"content":{"rendered":"<p>Ayd\u0131n B\u00fcy\u00fck\u015fehir Belediyesi Su ve Kanalizasyon \u0130daresi (ASK\u0130) Genel M\u00fcd\u00fcr\u00fc Hakan Olka\u00e7, Genel Sekreter Yard\u0131mc\u0131s\u0131 Vicdan \u00c7etav ve Fen \u0130\u015fleri Dairesi Ba\u015fkan\u0131 Ufuk Serdar \u00d6zmen, Germencik Belediye Ba\u015fkan\u0131 Burak Zencirci\u2019yi ziyaret ederek projeler ve yat\u0131r\u0131mlar \u00fczerine detayl\u0131 de\u011ferlendirmelerde bulundu.<\/p>\n<p>Ayd\u0131n B\u00fcy\u00fck\u015fehir Belediye Ba\u015fkan\u0131 \u00d6zlem \u00c7er\u00e7io\u011flu, Germencik il\u00e7esine g\u00fcncel de\u011ferle 725 milyon T\u00fcrk Liras\u0131 de\u011ferinde yat\u0131r\u0131m kazand\u0131rd\u0131. Yat\u0131r\u0131mlar\u0131yla Germencik\u2019i projeler ve sosyal hizmetlerle bulu\u015fturan Ba\u015fkan \u00c7er\u00e7io\u011flu\u2019nun \u00e7al\u0131\u015fmalar\u0131 hem k\u0131rsal mahallelerde hem de kent merkezinde \u00f6nemli de\u011fi\u015fimlere yol a\u00e7t\u0131.<\/p>\n<p>B\u00fcy\u00fck\u015fehir Belediyesi ve ASK\u0130, Germencik\u2019te 234 kilometre uzunlu\u011funda altyap\u0131 ve 204,5 kilometre uzunlu\u011funda yol \u00e7al\u0131\u015fmas\u0131n\u0131 tamamlad\u0131. Ba\u015fkan \u00c7er\u00e7io\u011flu\u2019nun \u00e7al\u0131\u015fmalar\u0131yla hem k\u0131rsal mahalleler hem de il\u00e7e merkezi yenilenmi\u015f altyap\u0131 ve geli\u015fmi\u015f ula\u015f\u0131m imkanlar\u0131na kavu\u015ftu.<\/p>\n<p>Ziyarette, Germencik\u2019e kazand\u0131r\u0131lan ve il\u00e7enin sosyal, ekonomik ve altyap\u0131sal geli\u015fimine katk\u0131 sa\u011flayan projeler de masaya yat\u0131r\u0131ld\u0131. Germencik Belediye Ba\u015fkan\u0131 Burak Zencirci, il\u00e7eye kazand\u0131rd\u0131\u011f\u0131 Otizm Spor Merkezi, Ortaklar OSB \u0130tfaiye Binas\u0131 ve Selatin K\u00f6y Pazar\u0131 ile hayata ge\u00e7irilen projeler ve \u00fcreticilere verilen destekler nedeniyle Ba\u015fkan \u00c7er\u00e7io\u011flu\u2019na te\u015fekk\u00fcr etti.<\/p>\n<p>B\u00fcrokratlar, ziyaretin ard\u0131ndan il\u00e7ede g\u00f6rev yapan B\u00fcy\u00fck\u015fehir Belediyesi ve ASK\u0130\u2019ye ba\u011fl\u0131 birimleri ziyaret etti. Germenciklilerden gelen g\u00f6r\u00fc\u015f, talep ve \u00f6nerilerin ele al\u0131nd\u0131\u011f\u0131 ziyaretler ile il\u00e7ede s\u00fcrd\u00fcr\u00fclecek olan vatanda\u015f odakl\u0131 belediyecilik \u00e7al\u0131\u015fmalar\u0131 \u015fekillendirildi.<\/p>\n<p>Ba\u015fkan \u00c7er\u00e7io\u011flu: \u201cKentimizin d\u00f6rt bir yan\u0131ndaki \u00e7al\u0131\u015fmalar\u0131m\u0131z h\u0131z kesmeden devam edecek\u201d<br \/>\n<br \/>Ayd\u0131n\u2019\u0131n t\u00fcm il\u00e7elerinde kente de\u011fer katan \u00e7al\u0131\u015fmalar\u0131na devam edeceklerini belirten Ba\u015fkan \u00c7er\u00e7io\u011flu, \u201cGermencik\u2019e yapt\u0131\u011f\u0131m\u0131z yat\u0131r\u0131mlar ve projelerle halk\u0131m\u0131z\u0131n ihtiya\u00e7lar\u0131n\u0131 kar\u015f\u0131lamay\u0131 s\u00fcrd\u00fcrece\u011fiz. Kentimizin d\u00f6rt bir yan\u0131ndaki \u00e7al\u0131\u015fmalar\u0131m\u0131za h\u0131z kesmeden devam edecek, hem\u015fehrilerimize hizmetlerimizi ula\u015ft\u0131rmay\u0131 s\u00fcrd\u00fcrece\u011fiz\u201d ifadelerini kulland\u0131.<br \/><\/p>\n","protected":false},"excerpt":{"rendered":"<p>Ayd\u0131n B\u00fcy\u00fck\u015fehir Belediyesi Su ve Kanalizasyon \u0130daresi (ASK\u0130) Genel M\u00fcd\u00fcr\u00fc Hakan Olka\u00e7, Genel Sekreter Yard\u0131mc\u0131s\u0131 Vicdan \u00c7etav ve Fen \u0130\u015fleri Dairesi Ba\u015fkan\u0131 Ufuk Serdar \u00d6zmen, Germencik Belediye Ba\u015fkan\u0131 Burak Zencirci\u2019yi ziyaret ederek projeler ve yat\u0131r\u0131mlar \u00fczerine detayl\u0131 de\u011ferlendirmelerde bulundu. Ayd\u0131n B\u00fcy\u00fck\u015fehir Belediye Ba\u015fkan\u0131 \u00d6zlem \u00c7er\u00e7io\u011flu, Germencik il\u00e7esine g\u00fcncel de\u011ferle 725 milyon T\u00fcrk Liras\u0131 de\u011ferinde yat\u0131r\u0131m&#8230;<\/p>\n","protected":false},"author":1,"featured_media":11221,"comment_status":"open","ping_status":"open","sticky":false,"template":"","format":"standard","meta":{"_crdt_document":"","footnotes":""},"categories":[1],"tags":[],"class_list":["post-11220","post","type-post","status-publish","format-standard","has-post-thumbnail","hentry","category-guncel"],"_links":{"self":[{"href":"https:\/\/www.egemtv.com\/index.php?rest_route=\/wp\/v2\/posts\/11220","targetHints":{"allow":["GET"]}}],"collection":[{"href":"https:\/\/www.egemtv.com\/index.php?rest_route=\/wp\/v2\/posts"}],"about":[{"href":"https:\/\/www.egemtv.com\/index.php?rest_route=\/wp\/v2\/types\/post"}],"author":[{"embeddable":true,"href":"https:\/\/www.egemtv.com\/index.php?rest_route=\/wp\/v2\/users\/1"}],"replies":[{"embeddable":true,"href":"https:\/\/www.egemtv.com\/index.php?rest_route=%2Fwp%2Fv2%2Fcomments&post=11220"}],"version-history":[{"count":1,"href":"https:\/\/www.egemtv.com\/index.php?rest_route=\/wp\/v2\/posts\/11220\/revisions"}],"predecessor-version":[{"id":11222,"href":"https:\/\/www.egemtv.com\/index.php?rest_route=\/wp\/v2\/posts\/11220\/revisions\/11222"}],"wp:featuredmedia":[{"embeddable":true,"href":"https:\/\/www.egemtv.com\/index.php?rest_route=\/wp\/v2\/media\/11221"}],"wp:attachment":[{"href":"https:\/\/www.egemtv.com\/index.php?rest_route=%2Fwp%2Fv2%2Fmedia&parent=11220"}],"wp:term":[{"taxonomy":"category","embeddable":true,"href":"https:\/\/www.egemtv.com\/index.php?rest_route=%2Fwp%2Fv2%2Fcategories&post=11220"},{"taxonomy":"post_tag","embeddable":true,"href":"https:\/\/www.egemtv.com\/index.php?rest_route=%2Fwp%2Fv2%2Ftags&post=11220"}],"curies":[{"name":"wp","href":"https:\/\/api.w.org\/{rel}","templated":true}]}}