{"id":11217,"date":"2025-01-21T14:55:41","date_gmt":"2025-01-21T11:55:41","guid":{"rendered":"https:\/\/www.egemtv.com\/?p=11217"},"modified":"2025-01-21T14:55:43","modified_gmt":"2025-01-21T11:55:43","slug":"merkezefendi-belediyesinin-projesi-kapsaminda-ogrenciler-ucretsiz-ve-saglikli-suya-kavusmaya-devam","status":"publish","type":"post","link":"https:\/\/www.egemtv.com\/?p=11217","title":{"rendered":"Merkezefendi Belediyesinin projesi kapsam\u0131nda \u00f6\u011frenciler \u00fccretsiz ve sa\u011fl\u0131kl\u0131 suya kavu\u015fmaya devam"},"content":{"rendered":"<p>Merkezefendi Belediyesi, \u00f6\u011frencilerin temiz ve sa\u011fl\u0131kl\u0131 suya eri\u015fimini sa\u011flamak amac\u0131yla il\u00e7ede bulunan ilkokul ve ortaokullara steril i\u00e7me suyu \u00fcniteleri yerle\u015ftirmeye devam ediyor.<\/p>\n<p>E\u011fitime ve \u00f6\u011frencilere destek veren Merkezefendi Belediyesi, \u00e7al\u0131\u015fmalar\u0131n\u0131 s\u00fcrd\u00fcr\u00fcyor. Ge\u00e7ti\u011fimiz g\u00fcnlerde Merkezefendi Belediyesi, anlaml\u0131 bir projeyi daha hayata ge\u00e7irerek \u00f6\u011frencilerin temiz ve sa\u011fl\u0131kl\u0131 suya eri\u015fimini sa\u011flamak amac\u0131yla ilkokul ve ortaokullara steril i\u00e7me suyu \u00fcniteleri yerle\u015ftirdi. Bu yeni uygulama sayesinde, \u00f6\u011frenim g\u00f6ren \u00e7ocuklar, okullar\u0131nda \u00fccretsiz ve sa\u011fl\u0131kl\u0131 su i\u00e7ebiliyor. \u00d6zellikle plastik at\u0131klar\u0131n azalt\u0131lmas\u0131 a\u00e7\u0131s\u0131ndan da b\u00fcy\u00fck \u00f6neme sahip olan proje, veliler ve \u00f6\u011fretmenler taraf\u0131ndan da memnuniyetle kar\u015f\u0131land\u0131.<\/p>\n<p>\u00d6\u011frenciler \u00fccretsiz ve sa\u011fl\u0131kl\u0131 suya kavu\u015ftu<br \/>\n<br \/>Proje ilk \u00f6nce Hac\u0131 Halil Bekta\u015f Ortaokulu\u2019nda uyguland\u0131 daha sonra \u0130smail Uslu \u0130lkokulu, Katip \u00c7elebi \u0130lkokulu, Denta\u015f \u0130lkokulu, Ekrem Ba\u015fer Ortaokulu, \u015eehit Hasan Eser Ortaokulu, Hac\u0131 Ey\u00fcpl\u00fc Ortaokulu\/ilkokul, Ahmet Nuri \u00d6zsoy Ortaokulu, Necip Faz\u0131l K\u0131sak\u00fcrek \u0130lkokulu, Nermin Osman Ak\u00e7a Ortaokullar\u0131\u2019nda devam ettirildi.<br \/><\/p>\n","protected":false},"excerpt":{"rendered":"<p>Merkezefendi Belediyesi, \u00f6\u011frencilerin temiz ve sa\u011fl\u0131kl\u0131 suya eri\u015fimini sa\u011flamak amac\u0131yla il\u00e7ede bulunan ilkokul ve ortaokullara steril i\u00e7me suyu \u00fcniteleri yerle\u015ftirmeye devam ediyor. E\u011fitime ve \u00f6\u011frencilere destek veren Merkezefendi Belediyesi, \u00e7al\u0131\u015fmalar\u0131n\u0131 s\u00fcrd\u00fcr\u00fcyor. Ge\u00e7ti\u011fimiz g\u00fcnlerde Merkezefendi Belediyesi, anlaml\u0131 bir projeyi daha hayata ge\u00e7irerek \u00f6\u011frencilerin temiz ve sa\u011fl\u0131kl\u0131 suya eri\u015fimini sa\u011flamak amac\u0131yla ilkokul ve ortaokullara steril i\u00e7me suyu&#8230;<\/p>\n","protected":false},"author":1,"featured_media":11218,"comment_status":"open","ping_status":"open","sticky":false,"template":"","format":"standard","meta":{"_crdt_document":"","footnotes":""},"categories":[1],"tags":[],"class_list":["post-11217","post","type-post","status-publish","format-standard","has-post-thumbnail","hentry","category-guncel"],"_links":{"self":[{"href":"https:\/\/www.egemtv.com\/index.php?rest_route=\/wp\/v2\/posts\/11217","targetHints":{"allow":["GET"]}}],"collection":[{"href":"https:\/\/www.egemtv.com\/index.php?rest_route=\/wp\/v2\/posts"}],"about":[{"href":"https:\/\/www.egemtv.com\/index.php?rest_route=\/wp\/v2\/types\/post"}],"author":[{"embeddable":true,"href":"https:\/\/www.egemtv.com\/index.php?rest_route=\/wp\/v2\/users\/1"}],"replies":[{"embeddable":true,"href":"https:\/\/www.egemtv.com\/index.php?rest_route=%2Fwp%2Fv2%2Fcomments&post=11217"}],"version-history":[{"count":1,"href":"https:\/\/www.egemtv.com\/index.php?rest_route=\/wp\/v2\/posts\/11217\/revisions"}],"predecessor-version":[{"id":11219,"href":"https:\/\/www.egemtv.com\/index.php?rest_route=\/wp\/v2\/posts\/11217\/revisions\/11219"}],"wp:featuredmedia":[{"embeddable":true,"href":"https:\/\/www.egemtv.com\/index.php?rest_route=\/wp\/v2\/media\/11218"}],"wp:attachment":[{"href":"https:\/\/www.egemtv.com\/index.php?rest_route=%2Fwp%2Fv2%2Fmedia&parent=11217"}],"wp:term":[{"taxonomy":"category","embeddable":true,"href":"https:\/\/www.egemtv.com\/index.php?rest_route=%2Fwp%2Fv2%2Fcategories&post=11217"},{"taxonomy":"post_tag","embeddable":true,"href":"https:\/\/www.egemtv.com\/index.php?rest_route=%2Fwp%2Fv2%2Ftags&post=11217"}],"curies":[{"name":"wp","href":"https:\/\/api.w.org\/{rel}","templated":true}]}}