{"id":11214,"date":"2025-01-21T14:51:01","date_gmt":"2025-01-21T11:51:01","guid":{"rendered":"https:\/\/www.egemtv.com\/?p=11214"},"modified":"2025-01-21T14:51:02","modified_gmt":"2025-01-21T11:51:02","slug":"sehir-ici-aydinlatma-calismalari-kapsaminda-buldan-isil-isil-olacak","status":"publish","type":"post","link":"https:\/\/www.egemtv.com\/?p=11214","title":{"rendered":"\u015eehir i\u00e7i ayd\u0131nlatma \u00e7al\u0131\u015fmalar\u0131 kapsam\u0131nda Buldan \u0131\u015f\u0131l \u0131\u015f\u0131l olacak"},"content":{"rendered":"<p>Denizli B\u00fcy\u00fck\u015fehir Belediyesi, Buldan il\u00e7esinde \u015fehir i\u00e7i ayd\u0131nlatma \u00e7al\u0131\u015fmalar\u0131na ba\u015fl\u0131yor. Ak\u00e7e\u015fme Mahallesi\u2019nde ba\u015flayarak b\u00fct\u00fcn il\u00e7edeki ayd\u0131nlatma \u00e7al\u0131\u015fmalar\u0131n\u0131 h\u0131z kesmeden devam edeceklerini belirtilerek, \u201cArt\u0131k, Buldan \u0131\u015f\u0131l \u0131\u015f\u0131l olacak\u201d ifadeleri kullan\u0131ld\u0131.<\/p>\n<p>Denizli B\u00fcy\u00fck\u015fehir Belediyesi, altyap\u0131 \u00e7al\u0131\u015fmalar\u0131na h\u0131z kesmeden devam ediyor. Buldan il\u00e7esinin \u015fehir i\u00e7i ayd\u0131nlatma \u00e7al\u0131\u015fmalar\u0131na ba\u015flayacak olan B\u00fcy\u00fck\u015fehir Belediyesi, Ak\u00e7e\u015fme Mahallesi\u2019nden ba\u015flanarak Adnan Menderes Bulvar\u0131, Atat\u00fcrk Caddesi, 14 May\u0131s Caddesi ile Tarihi Buldan \u00c7ar\u015f\u0131s\u0131n\u0131 da \u00e7al\u0131\u015fmalar\u0131n devam edece\u011fi belirtildi.<\/p>\n<p>\u201cBuldan\u2019da ba\u015flayaca\u011f\u0131m\u0131z \u00e7al\u0131\u015fmalar\u0131m\u0131zda yakla\u015f\u0131k 150 noktaya ayd\u0131nlatma direkleri konulacak\u201d<br \/>\n<br \/>Denizli B\u00fcy\u00fck\u015fehir Belediyesi taraf\u0131ndan yap\u0131lacak ayd\u0131nlatma \u00e7al\u0131\u015fmalar\u0131n\u0131n \u00f6n\u00fcm\u00fczdeki May\u0131s ay\u0131nda ba\u015flayaca\u011f\u0131n\u0131 dile getiren Denizli B\u00fcy\u00fck\u015fehir Belediyesi Buldan \u0130l\u00e7e Koordinat\u00f6r\u00fc Hasan Kocaman, \u201cBuldan\u2019\u0131n giri\u015finden ba\u015flayarak \u00fcst b\u00f6l\u00fcmlere do\u011fru \u015fehir i\u00e7i ayd\u0131nlatma projemize ba\u015flam\u0131\u015f bulunuyoruz. Bu ama\u00e7la gelen ekiplerimiz \u00f6l\u00e7\u00fcmlerini yap\u0131yor.  Yakla\u015f\u0131k 150 noktaya ayd\u0131nlatma direkleri konulacak. Buldan\u2019a yak\u0131\u015f\u0131r bir g\u00f6r\u00fcn\u00fcm kazand\u0131rmak i\u00e7in gece g\u00fcnd\u00fcz \u00e7al\u0131\u015f\u0131yoruz. Buldan\u2019\u0131m\u0131za her zaman b\u00fcy\u00fck \u00f6nem veren Denizli B\u00fcy\u00fck\u015fehir Belediye Ba\u015fkan\u0131m\u0131z B\u00fclent Nuri \u00c7avu\u015fo\u011flu\u2019na te\u015fekk\u00fcrlerimizi sunuyoruz\u201d dedi.<br \/><\/p>\n","protected":false},"excerpt":{"rendered":"<p>Denizli B\u00fcy\u00fck\u015fehir Belediyesi, Buldan il\u00e7esinde \u015fehir i\u00e7i ayd\u0131nlatma \u00e7al\u0131\u015fmalar\u0131na ba\u015fl\u0131yor. Ak\u00e7e\u015fme Mahallesi\u2019nde ba\u015flayarak b\u00fct\u00fcn il\u00e7edeki ayd\u0131nlatma \u00e7al\u0131\u015fmalar\u0131n\u0131 h\u0131z kesmeden devam edeceklerini belirtilerek, \u201cArt\u0131k, Buldan \u0131\u015f\u0131l \u0131\u015f\u0131l olacak\u201d ifadeleri kullan\u0131ld\u0131. Denizli B\u00fcy\u00fck\u015fehir Belediyesi, altyap\u0131 \u00e7al\u0131\u015fmalar\u0131na h\u0131z kesmeden devam ediyor. Buldan il\u00e7esinin \u015fehir i\u00e7i ayd\u0131nlatma \u00e7al\u0131\u015fmalar\u0131na ba\u015flayacak olan B\u00fcy\u00fck\u015fehir Belediyesi, Ak\u00e7e\u015fme Mahallesi\u2019nden ba\u015flanarak Adnan Menderes Bulvar\u0131, Atat\u00fcrk&#8230;<\/p>\n","protected":false},"author":1,"featured_media":11215,"comment_status":"open","ping_status":"open","sticky":false,"template":"","format":"standard","meta":{"_crdt_document":"","footnotes":""},"categories":[1],"tags":[],"class_list":["post-11214","post","type-post","status-publish","format-standard","has-post-thumbnail","hentry","category-guncel"],"_links":{"self":[{"href":"https:\/\/www.egemtv.com\/index.php?rest_route=\/wp\/v2\/posts\/11214","targetHints":{"allow":["GET"]}}],"collection":[{"href":"https:\/\/www.egemtv.com\/index.php?rest_route=\/wp\/v2\/posts"}],"about":[{"href":"https:\/\/www.egemtv.com\/index.php?rest_route=\/wp\/v2\/types\/post"}],"author":[{"embeddable":true,"href":"https:\/\/www.egemtv.com\/index.php?rest_route=\/wp\/v2\/users\/1"}],"replies":[{"embeddable":true,"href":"https:\/\/www.egemtv.com\/index.php?rest_route=%2Fwp%2Fv2%2Fcomments&post=11214"}],"version-history":[{"count":1,"href":"https:\/\/www.egemtv.com\/index.php?rest_route=\/wp\/v2\/posts\/11214\/revisions"}],"predecessor-version":[{"id":11216,"href":"https:\/\/www.egemtv.com\/index.php?rest_route=\/wp\/v2\/posts\/11214\/revisions\/11216"}],"wp:featuredmedia":[{"embeddable":true,"href":"https:\/\/www.egemtv.com\/index.php?rest_route=\/wp\/v2\/media\/11215"}],"wp:attachment":[{"href":"https:\/\/www.egemtv.com\/index.php?rest_route=%2Fwp%2Fv2%2Fmedia&parent=11214"}],"wp:term":[{"taxonomy":"category","embeddable":true,"href":"https:\/\/www.egemtv.com\/index.php?rest_route=%2Fwp%2Fv2%2Fcategories&post=11214"},{"taxonomy":"post_tag","embeddable":true,"href":"https:\/\/www.egemtv.com\/index.php?rest_route=%2Fwp%2Fv2%2Ftags&post=11214"}],"curies":[{"name":"wp","href":"https:\/\/api.w.org\/{rel}","templated":true}]}}