{"id":11211,"date":"2025-01-21T14:40:34","date_gmt":"2025-01-21T11:40:34","guid":{"rendered":"https:\/\/www.egemtv.com\/?p=11211"},"modified":"2025-01-21T14:40:36","modified_gmt":"2025-01-21T11:40:36","slug":"turgutluda-calismalar-tum-hiziyla-devam-ediyor","status":"publish","type":"post","link":"https:\/\/www.egemtv.com\/?p=11211","title":{"rendered":"Turgutlu\u2019da \u00e7al\u0131\u015fmalar t\u00fcm h\u0131z\u0131yla devam ediyor"},"content":{"rendered":"<p>Turgutlu Belediyesi Fen \u0130\u015fleri M\u00fcd\u00fcrl\u00fc\u011f\u00fc ekipleri merkez ve k\u0131rsal mahallelerde vatanda\u015flar\u0131n ihtiya\u00e7lar\u0131 \u00e7er\u00e7evesinde e\u015f zamanl\u0131 olarak \u00e7al\u0131\u015fmalar\u0131n\u0131 ger\u00e7ekle\u015ftiriyor.<br \/>\n<br \/>Turgutlu Belediyesi Fen \u0130\u015fleri M\u00fcd\u00fcrl\u00fc\u011f\u00fc ekipleri daha g\u00fcvenli ve konforlu yollar i\u00e7in s\u00fcrd\u00fcrd\u00fc\u011f\u00fc yenileme, tamirat, onar\u0131m ve bak\u0131m \u00e7al\u0131\u015fmalar\u0131na devam ediyor. S\u00f6z konusu \u00e7al\u0131\u015fmalar kapsam\u0131nda \u0130zzettin, Yakuplar, Musacal\u0131 ve \u00c7amp\u0131nar Mahallelerinde mevcut kiraz al\u0131m yeri alanlar\u0131nda toplamda 2 bin metrekare parke ta\u015f\u0131 d\u00f6\u015feme i\u015flemi tamamland\u0131. Ekipler, Karak\u00f6y, Ak\u00e7ap\u0131nar, Dalbah\u00e7e Mahalleleri ile birlikte Sevgi, 2. \u00c7am, Ercan, Ni\u011fbolu, K\u00fclt\u00fcr, Ke\u00e7eciler, \u015eamil, Alban, Adal\u0131, \u00d6zg\u00fcn, B\u0131ld\u0131rc\u0131n, G\u00f6\u00e7men, \u00dcz\u00fcml\u00fc ve Sanat Sokakta parke tamirat \u00e7al\u0131\u015fmalar\u0131n\u0131 tamamlad\u0131.<br \/>\n<br \/>Turgutlu Belediye Ba\u015fkan Yard\u0131mc\u0131s\u0131 Ali R\u0131za K\u0131ran, \u201cEkiplerimiz merkez ve k\u0131rsal mahallelerimizdeki \u00e7al\u0131\u015fmalar\u0131na devam ediyor. Kentimizin yol sorunlar\u0131n\u0131 ortadan kald\u0131rmak ad\u0131na \u00e7al\u0131\u015fmalar\u0131m\u0131z\u0131 \u00f6zveriyle ger\u00e7ekle\u015ftiriyoruz. Bir yandan da k\u0131rsal mahalle sakinlerimizin hem \u00fcr\u00fcnlerinin sat\u0131\u015f\u0131n\u0131 yapabilecekleri hem de \u00e7ok ama\u00e7l\u0131 olarak kullanabilecekleri kiraz al\u0131m yerlerinde parke d\u00f6\u015feme \u00e7al\u0131\u015fmalar\u0131m\u0131z\u0131 yap\u0131yoruz. T\u00fcm mesai arkada\u015flar\u0131ma te\u015fekk\u00fcr eder, kolayl\u0131klar dilerim&#8221; dedi.<br \/><\/p>\n","protected":false},"excerpt":{"rendered":"<p>Turgutlu Belediyesi Fen \u0130\u015fleri M\u00fcd\u00fcrl\u00fc\u011f\u00fc ekipleri merkez ve k\u0131rsal mahallelerde vatanda\u015flar\u0131n ihtiya\u00e7lar\u0131 \u00e7er\u00e7evesinde e\u015f zamanl\u0131 olarak \u00e7al\u0131\u015fmalar\u0131n\u0131 ger\u00e7ekle\u015ftiriyor. Turgutlu Belediyesi Fen \u0130\u015fleri M\u00fcd\u00fcrl\u00fc\u011f\u00fc ekipleri daha g\u00fcvenli ve konforlu yollar i\u00e7in s\u00fcrd\u00fcrd\u00fc\u011f\u00fc yenileme, tamirat, onar\u0131m ve bak\u0131m \u00e7al\u0131\u015fmalar\u0131na devam ediyor. S\u00f6z konusu \u00e7al\u0131\u015fmalar kapsam\u0131nda \u0130zzettin, Yakuplar, Musacal\u0131 ve \u00c7amp\u0131nar Mahallelerinde mevcut kiraz al\u0131m yeri alanlar\u0131nda toplamda&#8230;<\/p>\n","protected":false},"author":1,"featured_media":11212,"comment_status":"open","ping_status":"open","sticky":false,"template":"","format":"standard","meta":{"_crdt_document":"","footnotes":""},"categories":[1],"tags":[],"class_list":["post-11211","post","type-post","status-publish","format-standard","has-post-thumbnail","hentry","category-guncel"],"_links":{"self":[{"href":"https:\/\/www.egemtv.com\/index.php?rest_route=\/wp\/v2\/posts\/11211","targetHints":{"allow":["GET"]}}],"collection":[{"href":"https:\/\/www.egemtv.com\/index.php?rest_route=\/wp\/v2\/posts"}],"about":[{"href":"https:\/\/www.egemtv.com\/index.php?rest_route=\/wp\/v2\/types\/post"}],"author":[{"embeddable":true,"href":"https:\/\/www.egemtv.com\/index.php?rest_route=\/wp\/v2\/users\/1"}],"replies":[{"embeddable":true,"href":"https:\/\/www.egemtv.com\/index.php?rest_route=%2Fwp%2Fv2%2Fcomments&post=11211"}],"version-history":[{"count":1,"href":"https:\/\/www.egemtv.com\/index.php?rest_route=\/wp\/v2\/posts\/11211\/revisions"}],"predecessor-version":[{"id":11213,"href":"https:\/\/www.egemtv.com\/index.php?rest_route=\/wp\/v2\/posts\/11211\/revisions\/11213"}],"wp:featuredmedia":[{"embeddable":true,"href":"https:\/\/www.egemtv.com\/index.php?rest_route=\/wp\/v2\/media\/11212"}],"wp:attachment":[{"href":"https:\/\/www.egemtv.com\/index.php?rest_route=%2Fwp%2Fv2%2Fmedia&parent=11211"}],"wp:term":[{"taxonomy":"category","embeddable":true,"href":"https:\/\/www.egemtv.com\/index.php?rest_route=%2Fwp%2Fv2%2Fcategories&post=11211"},{"taxonomy":"post_tag","embeddable":true,"href":"https:\/\/www.egemtv.com\/index.php?rest_route=%2Fwp%2Fv2%2Ftags&post=11211"}],"curies":[{"name":"wp","href":"https:\/\/api.w.org\/{rel}","templated":true}]}}