{"id":11205,"date":"2025-01-21T14:33:59","date_gmt":"2025-01-21T11:33:59","guid":{"rendered":"https:\/\/www.egemtv.com\/?p=11205"},"modified":"2025-01-21T14:34:01","modified_gmt":"2025-01-21T11:34:01","slug":"yer-sarnicina-dusen-tilki-kurtarildi","status":"publish","type":"post","link":"https:\/\/www.egemtv.com\/?p=11205","title":{"rendered":"Yer sarn\u0131c\u0131na d\u00fc\u015fen tilki kurtar\u0131ld\u0131"},"content":{"rendered":"<p>Bodrum Belediyesi Veteriner \u0130\u015fleri ve Afet \u0130\u015fleri M\u00fcd\u00fcrl\u00fc\u011f\u00fc ekipleri, yer sarn\u0131c\u0131na d\u00fc\u015fen tilkiyi ba\u015far\u0131l\u0131 bir operasyonla kurtard\u0131.<\/p>\n<p>20 Ocak Pazartesi g\u00fcn\u00fc, Da\u011fbelen Mahallesi Girelbelen b\u00f6lgesinde bir tilkinin yer sarn\u0131c\u0131nda mahsur kald\u0131\u011f\u0131n\u0131 fark eden duyarl\u0131 vatanda\u015flar durumu Bodrum Belediyesi Veteriner \u0130\u015fleri M\u00fcd\u00fcrl\u00fc\u011f\u00fc\u2019ne bildirdi. Tilki, Bodrum Belediyesi Afet \u0130\u015fleri ve Veteriner \u0130\u015fleri ekiplerinin ortak \u00e7al\u0131\u015fmas\u0131yla kurtar\u0131larak Torba Mahallesi\u2019nde bulunan Bodrum Belediyesi Sokak Hayvanlar\u0131 Ge\u00e7ici Bak\u0131m Merkezi\u2019ne g\u00f6t\u00fcr\u00fcld\u00fc. Veteriner hekimler taraf\u0131ndan yap\u0131lan kontroller sonucunda tilkinin sa\u011fl\u0131k durumunun iyi oldu\u011fu belirlendi.<\/p>\n<p>Son de\u011ferlendirmelerin ard\u0131ndan tilki, do\u011fal ya\u015fam alan\u0131na b\u0131rak\u0131ld\u0131.<br \/><\/p>\n","protected":false},"excerpt":{"rendered":"<p>Bodrum Belediyesi Veteriner \u0130\u015fleri ve Afet \u0130\u015fleri M\u00fcd\u00fcrl\u00fc\u011f\u00fc ekipleri, yer sarn\u0131c\u0131na d\u00fc\u015fen tilkiyi ba\u015far\u0131l\u0131 bir operasyonla kurtard\u0131. 20 Ocak Pazartesi g\u00fcn\u00fc, Da\u011fbelen Mahallesi Girelbelen b\u00f6lgesinde bir tilkinin yer sarn\u0131c\u0131nda mahsur kald\u0131\u011f\u0131n\u0131 fark eden duyarl\u0131 vatanda\u015flar durumu Bodrum Belediyesi Veteriner \u0130\u015fleri M\u00fcd\u00fcrl\u00fc\u011f\u00fc\u2019ne bildirdi. Tilki, Bodrum Belediyesi Afet \u0130\u015fleri ve Veteriner \u0130\u015fleri ekiplerinin ortak \u00e7al\u0131\u015fmas\u0131yla kurtar\u0131larak Torba&#8230;<\/p>\n","protected":false},"author":1,"featured_media":11206,"comment_status":"open","ping_status":"open","sticky":false,"template":"","format":"standard","meta":{"_crdt_document":"","footnotes":""},"categories":[1],"tags":[],"class_list":["post-11205","post","type-post","status-publish","format-standard","has-post-thumbnail","hentry","category-guncel"],"_links":{"self":[{"href":"https:\/\/www.egemtv.com\/index.php?rest_route=\/wp\/v2\/posts\/11205","targetHints":{"allow":["GET"]}}],"collection":[{"href":"https:\/\/www.egemtv.com\/index.php?rest_route=\/wp\/v2\/posts"}],"about":[{"href":"https:\/\/www.egemtv.com\/index.php?rest_route=\/wp\/v2\/types\/post"}],"author":[{"embeddable":true,"href":"https:\/\/www.egemtv.com\/index.php?rest_route=\/wp\/v2\/users\/1"}],"replies":[{"embeddable":true,"href":"https:\/\/www.egemtv.com\/index.php?rest_route=%2Fwp%2Fv2%2Fcomments&post=11205"}],"version-history":[{"count":1,"href":"https:\/\/www.egemtv.com\/index.php?rest_route=\/wp\/v2\/posts\/11205\/revisions"}],"predecessor-version":[{"id":11207,"href":"https:\/\/www.egemtv.com\/index.php?rest_route=\/wp\/v2\/posts\/11205\/revisions\/11207"}],"wp:featuredmedia":[{"embeddable":true,"href":"https:\/\/www.egemtv.com\/index.php?rest_route=\/wp\/v2\/media\/11206"}],"wp:attachment":[{"href":"https:\/\/www.egemtv.com\/index.php?rest_route=%2Fwp%2Fv2%2Fmedia&parent=11205"}],"wp:term":[{"taxonomy":"category","embeddable":true,"href":"https:\/\/www.egemtv.com\/index.php?rest_route=%2Fwp%2Fv2%2Fcategories&post=11205"},{"taxonomy":"post_tag","embeddable":true,"href":"https:\/\/www.egemtv.com\/index.php?rest_route=%2Fwp%2Fv2%2Ftags&post=11205"}],"curies":[{"name":"wp","href":"https:\/\/api.w.org\/{rel}","templated":true}]}}