{"id":11202,"date":"2025-01-21T14:31:37","date_gmt":"2025-01-21T11:31:37","guid":{"rendered":"https:\/\/www.egemtv.com\/?p=11202"},"modified":"2025-01-21T14:31:39","modified_gmt":"2025-01-21T11:31:39","slug":"soke-belediyesinde-yeni-baskan-yardimcilari-atandi","status":"publish","type":"post","link":"https:\/\/www.egemtv.com\/?p=11202","title":{"rendered":"S\u00f6ke Belediyesi\u2019nde yeni ba\u015fkan yard\u0131mc\u0131lar\u0131 atand\u0131"},"content":{"rendered":"<p>S\u00f6ke Belediye Ba\u015fkan\u0131 Dr. Mustafa \u0130berya Ar\u0131kan, belediye y\u00f6netiminde de\u011fi\u015fikli\u011fe giderek 657 say\u0131l\u0131 Devlet Memurlar\u0131 Kanunu\u2019na tabi belediye ba\u015fkan yard\u0131mc\u0131s\u0131 kadrolar\u0131nda yeni atamalar yapt\u0131. Bu kapsamda Ahmet Evin, Av. Adviye \u00c7etin, Sibel Kurt ve H\u00fcseyin Batir\u2019in yerine \u015eebnem G\u00fclg\u00fcn Ekici, Cem Alpay, Zeynep \u00c7etin ve Y\u00fcksel Ertercan ba\u015fkan yard\u0131mc\u0131l\u0131\u011f\u0131na getirildi.<\/p>\n<p>Ahmet Evin, bu g\u00fcne kadar Ba\u015fkan Yard\u0131mc\u0131l\u0131\u011f\u0131 g\u00f6reviyle birlikte y\u00fcr\u00fctt\u00fc\u011f\u00fc \u0130nsan Kaynaklar\u0131 M\u00fcd\u00fcrl\u00fc\u011f\u00fc g\u00f6revini s\u00fcrd\u00fcrecek. Benzer \u015fekilde Av. Adviye \u00c7etin Hukuk \u0130\u015fleri M\u00fcd\u00fcrl\u00fc\u011f\u00fc, Sibel Kurt ise Emlak ve \u0130stimlak \u0130\u015fler M\u00fcd\u00fcrl\u00fc\u011f\u00fc g\u00f6revlerine devam edecek. H\u00fcseyin Batir ise yeni d\u00f6nemde Mali \u0130\u015fler M\u00fcd\u00fcr\u00fc olarak g\u00f6rev yapacak.<\/p>\n<p>\u201c\u0130mar M\u00fcd\u00fcrl\u00fc\u011f\u00fc\u2019nde yeni isim\u201d<br \/>\n<br \/>\u0130mar \u0130\u015fleri M\u00fcd\u00fcr\u00fc olarak g\u00f6rev yapan Y\u00fcksel Ertercan\u2019\u0131n ba\u015fkan yard\u0131mc\u0131s\u0131 olarak atanmas\u0131yla birlikte, \u0130mar M\u00fcd\u00fcrl\u00fc\u011f\u00fc g\u00f6revine Nazl\u0131 Dilber Bali getirildi. Bu atama ile birlikte belediyenin \u0130mar \u0130\u015fleri biriminde de yeni bir d\u00f6nem ba\u015flam\u0131\u015f oldu.<\/p>\n<p>Dr. Mustafa \u0130berya Ar\u0131kan\u2019\u0131n liderli\u011finde y\u00f6netim yap\u0131s\u0131nda ger\u00e7ekle\u015ftirilen bu de\u011fi\u015fikliklerin, belediyenin hizmet kalitesini art\u0131rmay\u0131 hedefledi\u011fi belirtildi. Ba\u015fkan Ar\u0131kan, yap\u0131lan de\u011fi\u015fikliklerin S\u00f6ke Belediyesi\u2019ne ve il\u00e7eye hay\u0131rl\u0131 olmas\u0131n\u0131 diledi.<br \/><\/p>\n","protected":false},"excerpt":{"rendered":"<p>S\u00f6ke Belediye Ba\u015fkan\u0131 Dr. Mustafa \u0130berya Ar\u0131kan, belediye y\u00f6netiminde de\u011fi\u015fikli\u011fe giderek 657 say\u0131l\u0131 Devlet Memurlar\u0131 Kanunu\u2019na tabi belediye ba\u015fkan yard\u0131mc\u0131s\u0131 kadrolar\u0131nda yeni atamalar yapt\u0131. Bu kapsamda Ahmet Evin, Av. Adviye \u00c7etin, Sibel Kurt ve H\u00fcseyin Batir\u2019in yerine \u015eebnem G\u00fclg\u00fcn Ekici, Cem Alpay, Zeynep \u00c7etin ve Y\u00fcksel Ertercan ba\u015fkan yard\u0131mc\u0131l\u0131\u011f\u0131na getirildi. Ahmet Evin, bu g\u00fcne kadar&#8230;<\/p>\n","protected":false},"author":1,"featured_media":11203,"comment_status":"open","ping_status":"open","sticky":false,"template":"","format":"standard","meta":{"_crdt_document":"","footnotes":""},"categories":[127],"tags":[],"class_list":["post-11202","post","type-post","status-publish","format-standard","has-post-thumbnail","hentry","category-siyaset"],"_links":{"self":[{"href":"https:\/\/www.egemtv.com\/index.php?rest_route=\/wp\/v2\/posts\/11202","targetHints":{"allow":["GET"]}}],"collection":[{"href":"https:\/\/www.egemtv.com\/index.php?rest_route=\/wp\/v2\/posts"}],"about":[{"href":"https:\/\/www.egemtv.com\/index.php?rest_route=\/wp\/v2\/types\/post"}],"author":[{"embeddable":true,"href":"https:\/\/www.egemtv.com\/index.php?rest_route=\/wp\/v2\/users\/1"}],"replies":[{"embeddable":true,"href":"https:\/\/www.egemtv.com\/index.php?rest_route=%2Fwp%2Fv2%2Fcomments&post=11202"}],"version-history":[{"count":1,"href":"https:\/\/www.egemtv.com\/index.php?rest_route=\/wp\/v2\/posts\/11202\/revisions"}],"predecessor-version":[{"id":11204,"href":"https:\/\/www.egemtv.com\/index.php?rest_route=\/wp\/v2\/posts\/11202\/revisions\/11204"}],"wp:featuredmedia":[{"embeddable":true,"href":"https:\/\/www.egemtv.com\/index.php?rest_route=\/wp\/v2\/media\/11203"}],"wp:attachment":[{"href":"https:\/\/www.egemtv.com\/index.php?rest_route=%2Fwp%2Fv2%2Fmedia&parent=11202"}],"wp:term":[{"taxonomy":"category","embeddable":true,"href":"https:\/\/www.egemtv.com\/index.php?rest_route=%2Fwp%2Fv2%2Fcategories&post=11202"},{"taxonomy":"post_tag","embeddable":true,"href":"https:\/\/www.egemtv.com\/index.php?rest_route=%2Fwp%2Fv2%2Ftags&post=11202"}],"curies":[{"name":"wp","href":"https:\/\/api.w.org\/{rel}","templated":true}]}}