{"id":11199,"date":"2025-01-21T14:25:08","date_gmt":"2025-01-21T11:25:08","guid":{"rendered":"https:\/\/www.egemtv.com\/?p=11199"},"modified":"2025-01-21T14:25:10","modified_gmt":"2025-01-21T11:25:10","slug":"masa-tenisi-sampiyonlari-belli-oldu","status":"publish","type":"post","link":"https:\/\/www.egemtv.com\/?p=11199","title":{"rendered":"Masa tenisi \u015fampiyonlar\u0131 belli oldu"},"content":{"rendered":"<p>Afyonkarahisar\u2019da \u2018Minikler K\u0131z-Erkek Tak\u0131m ve Ferdi Masa Tenisi \u0130l Birincili\u011fi\u2019 \u00c7i\u011filtepe Spor Salonu\u2019nda tamamland\u0131.<br \/>\n<br \/>M\u00fcsabakalar\u0131n ard\u0131ndan ba\u015far\u0131l\u0131 olan sporculara \u00f6d\u00fclleri Spor Hizmetleri M\u00fcd\u00fcr\u00fc Y\u0131lmaz Er\u015fen taraf\u0131ndan takdim edildi.<br \/>\n<br \/>Gen\u00e7lik ve Spor \u0130l M\u00fcd\u00fcr\u00fc \u0130smail Hakk\u0131 Kasapo\u011flu, sporun gen\u00e7ler i\u00e7in b\u00fcy\u00fck bir \u00f6neme sahip oldu\u011funu vurgulad\u0131. Kasapo\u011flu, \u201cSpor, sadece fiziksel bir etkinlik de\u011fil, ayn\u0131 zamanda karakter geli\u015ftiren, disiplinli olmay\u0131 \u00f6\u011freten bir alan. Bu t\u00fcr m\u00fcsabakalara kat\u0131lan gen\u00e7lerimiz, sadece masa tenisinde de\u011fil, hayatta da ba\u015far\u0131l\u0131 olacaklard\u0131r\u201d dedi.<br \/>\n<br \/>Masa tenisinin, Afyonkarahisar\u2019da her ge\u00e7en y\u0131l daha fazla ilgi g\u00f6rd\u00fc\u011f\u00fcn\u00fc belirten Kasapo\u011flu, bu t\u00fcr organizasyonlar\u0131n gen\u00e7lere f\u0131rsat sunmak, onlar\u0131 te\u015fvik etmek ve yeni yeteneklerin ke\u015ffedilmesini sa\u011flamak ad\u0131na b\u00fcy\u00fck bir \u00f6neme sahip oldu\u011funu ifade etti.<br \/><\/p>\n","protected":false},"excerpt":{"rendered":"<p>Afyonkarahisar\u2019da \u2018Minikler K\u0131z-Erkek Tak\u0131m ve Ferdi Masa Tenisi \u0130l Birincili\u011fi\u2019 \u00c7i\u011filtepe Spor Salonu\u2019nda tamamland\u0131. M\u00fcsabakalar\u0131n ard\u0131ndan ba\u015far\u0131l\u0131 olan sporculara \u00f6d\u00fclleri Spor Hizmetleri M\u00fcd\u00fcr\u00fc Y\u0131lmaz Er\u015fen taraf\u0131ndan takdim edildi. Gen\u00e7lik ve Spor \u0130l M\u00fcd\u00fcr\u00fc \u0130smail Hakk\u0131 Kasapo\u011flu, sporun gen\u00e7ler i\u00e7in b\u00fcy\u00fck bir \u00f6neme sahip oldu\u011funu vurgulad\u0131. Kasapo\u011flu, \u201cSpor, sadece fiziksel bir etkinlik de\u011fil, ayn\u0131 zamanda karakter&#8230;<\/p>\n","protected":false},"author":1,"featured_media":11200,"comment_status":"open","ping_status":"open","sticky":false,"template":"","format":"standard","meta":{"_crdt_document":"","footnotes":""},"categories":[4],"tags":[],"class_list":["post-11199","post","type-post","status-publish","format-standard","has-post-thumbnail","hentry","category-spor"],"_links":{"self":[{"href":"https:\/\/www.egemtv.com\/index.php?rest_route=\/wp\/v2\/posts\/11199","targetHints":{"allow":["GET"]}}],"collection":[{"href":"https:\/\/www.egemtv.com\/index.php?rest_route=\/wp\/v2\/posts"}],"about":[{"href":"https:\/\/www.egemtv.com\/index.php?rest_route=\/wp\/v2\/types\/post"}],"author":[{"embeddable":true,"href":"https:\/\/www.egemtv.com\/index.php?rest_route=\/wp\/v2\/users\/1"}],"replies":[{"embeddable":true,"href":"https:\/\/www.egemtv.com\/index.php?rest_route=%2Fwp%2Fv2%2Fcomments&post=11199"}],"version-history":[{"count":1,"href":"https:\/\/www.egemtv.com\/index.php?rest_route=\/wp\/v2\/posts\/11199\/revisions"}],"predecessor-version":[{"id":11201,"href":"https:\/\/www.egemtv.com\/index.php?rest_route=\/wp\/v2\/posts\/11199\/revisions\/11201"}],"wp:featuredmedia":[{"embeddable":true,"href":"https:\/\/www.egemtv.com\/index.php?rest_route=\/wp\/v2\/media\/11200"}],"wp:attachment":[{"href":"https:\/\/www.egemtv.com\/index.php?rest_route=%2Fwp%2Fv2%2Fmedia&parent=11199"}],"wp:term":[{"taxonomy":"category","embeddable":true,"href":"https:\/\/www.egemtv.com\/index.php?rest_route=%2Fwp%2Fv2%2Fcategories&post=11199"},{"taxonomy":"post_tag","embeddable":true,"href":"https:\/\/www.egemtv.com\/index.php?rest_route=%2Fwp%2Fv2%2Ftags&post=11199"}],"curies":[{"name":"wp","href":"https:\/\/api.w.org\/{rel}","templated":true}]}}