{"id":11193,"date":"2025-01-21T14:19:17","date_gmt":"2025-01-21T11:19:17","guid":{"rendered":"https:\/\/www.egemtv.com\/?p=11193"},"modified":"2025-01-21T14:19:19","modified_gmt":"2025-01-21T11:19:19","slug":"mentese-belediyesi-geri-donusumle-594-milyon-kwh-enerji-tasarrufu-sagladi","status":"publish","type":"post","link":"https:\/\/www.egemtv.com\/?p=11193","title":{"rendered":"Mente\u015fe Belediyesi, geri d\u00f6n\u00fc\u015f\u00fcmle 5,94 Milyon kWh enerji tasarrufu sa\u011flad\u0131"},"content":{"rendered":"<p>Mente\u015fe Belediyesi, s\u00fcrd\u00fcr\u00fclebilir geri d\u00f6n\u00fc\u015f\u00fcm uygulamalar\u0131yla hem \u00e7evreyi koruyor, hem de enerji tasarrufu sa\u011fl\u0131yor. Mente\u015fe Belediyesi\u2019nin ayr\u0131\u015ft\u0131rd\u0131\u011f\u0131 ve geri d\u00f6n\u00fc\u015f\u00fcme kazand\u0131rd\u0131\u011f\u0131 tonlarca at\u0131k sayesinde 5 milyon 940 bin 021,73 kWh enerji tasarrufu sa\u011flan\u0131rken, 204 bin 891,22 kg sera gaz\u0131 sal\u0131n\u0131m\u0131 \u00f6nlendi. Ayr\u0131ca, \u00e7evre dostu \u00e7al\u0131\u015fmalar sayesinde 16 bin 450 a\u011fa\u00e7 korundu.<br \/>\n<br \/>Mente\u015fe Belediyesi\u2019nin 2024 y\u0131l\u0131 boyunca geri d\u00f6n\u00fc\u015ft\u00fcr\u00fclebilir at\u0131klar\u0131n do\u011faya zarar vermeden ayr\u0131\u015ft\u0131r\u0131larak ekonomiye kazand\u0131r\u0131lmas\u0131 i\u00e7in y\u00fcr\u00fctt\u00fc\u011f\u00fc \u00e7al\u0131\u015fmalar kapsam\u0131nda: 46 bin 692 ton evsel at\u0131k, 360 bin kg ye\u015fil at\u0131k, Bin 612,64 ton kar\u0131\u015f\u0131k ambalaj, 8 bin 240 kg cam at\u0131k, Bin kg bitkisel at\u0131k ya\u011f, 855 kg at\u0131k motor ya\u011f\u0131, Bin 210 kg elektronik at\u0131k, 100 bin kg \u00f6mr\u00fcn\u00fc tamamlam\u0131\u015f lastik, toplanarak geri d\u00f6n\u00fc\u015f\u00fcme kazand\u0131r\u0131ld\u0131. Ayr\u0131ca, 3 bin 150 kg at\u0131k ila\u00e7, 839 kg t\u0131bbi at\u0131k ve Bin kg at\u0131k pil, \u00e7evreye zarar vermemesi i\u00e7in ayr\u0131 toplanarak lisansl\u0131 firmalar arac\u0131l\u0131\u011f\u0131yla bertaraf edildi.<br \/>\n<br \/>2024 y\u0131l\u0131nda geri d\u00f6n\u00fc\u015f\u00fcme kazand\u0131r\u0131lan toplam 1 milyon 620 bin 880 kg plastik, metal, cam ve ka\u011f\u0131t at\u0131k sayesinde, 5 milyon 940 bin 021,73 kWh enerji tasarrufu sa\u011fland\u0131, 204 bin 891,22 kg sera gaz\u0131 sal\u0131n\u0131m\u0131 azalt\u0131ld\u0131.  Geri d\u00f6n\u00fc\u015f\u00fcm sayesinde 16 bin 450 a\u011fa\u00e7 korunurken, 3 bin 898,82 m depolama alan\u0131 kazan\u0131m\u0131 da sa\u011flanm\u0131\u015f oldu.<br \/>\n<br \/>\u201cHem \u00e7evreyi koruduk hem ekonomiye katk\u0131 sa\u011flad\u0131k\u201d<br \/>\n<br \/>Mente\u015fe Belediye Ba\u015fkan\u0131 \u015eehir Planc\u0131s\u0131 Gonca K\u00f6ksal, at\u0131klar\u0131n toplanmas\u0131 ve geri d\u00f6n\u00fc\u015f\u00fcm\u00fc konusunda y\u00fcr\u00fct\u00fclen \u00e7al\u0131\u015fmalara y\u00f6nelik a\u00e7\u0131klama yapt\u0131. Geri d\u00f6n\u00fc\u015f\u00fcm, yaln\u0131zca \u00e7evreyi korumak de\u011fil, ayn\u0131 zamanda gelece\u011fe ya\u015fanabilir bir d\u00fcnya b\u0131rakmak i\u00e7in \u00f6nemli oldu\u011funu vurgulayan Ba\u015fkan K\u00f6ksal, \u201cMente\u015fe Belediyesi olarak 2024 y\u0131l\u0131nda tonlarca at\u0131\u011f\u0131 geri d\u00f6n\u00fc\u015ft\u00fcrerek hem \u00e7evreyi koruduk hem de \u00fclke ekonomisine katk\u0131 sa\u011flad\u0131k. Bu \u00e7al\u0131\u015fmalar sayesinde daha ye\u015fil ve ya\u015fanabilir bir kent hedefimize bir ad\u0131m daha yakla\u015ft\u0131k. \u00c7evreyi korumak ve do\u011fal kaynaklar\u0131 verimli kullanmak ad\u0131na \u00e7evre dostu projeler \u00fcretmeye devam edece\u011fiz. \u00c7evre ve at\u0131k y\u00f6netimi konusunda duyarl\u0131l\u0131k g\u00f6steren vatanda\u015flar\u0131m\u0131za te\u015fekk\u00fcr ediyorum. Daha ye\u015fil bir gelece\u011fe hep birlikte ula\u015fabilme ad\u0131na t\u00fcm vatanda\u015flar\u0131m\u0131z\u0131 geri d\u00f6n\u00fc\u015f\u00fcm \u00e7al\u0131\u015fmalar\u0131m\u0131za destek olmaya davet ediyorum\u201d dedi.<br \/><\/p>\n","protected":false},"excerpt":{"rendered":"<p>Mente\u015fe Belediyesi, s\u00fcrd\u00fcr\u00fclebilir geri d\u00f6n\u00fc\u015f\u00fcm uygulamalar\u0131yla hem \u00e7evreyi koruyor, hem de enerji tasarrufu sa\u011fl\u0131yor. Mente\u015fe Belediyesi\u2019nin ayr\u0131\u015ft\u0131rd\u0131\u011f\u0131 ve geri d\u00f6n\u00fc\u015f\u00fcme kazand\u0131rd\u0131\u011f\u0131 tonlarca at\u0131k sayesinde 5 milyon 940 bin 021,73 kWh enerji tasarrufu sa\u011flan\u0131rken, 204 bin 891,22 kg sera gaz\u0131 sal\u0131n\u0131m\u0131 \u00f6nlendi. Ayr\u0131ca, \u00e7evre dostu \u00e7al\u0131\u015fmalar sayesinde 16 bin 450 a\u011fa\u00e7 korundu. Mente\u015fe Belediyesi\u2019nin 2024 y\u0131l\u0131&#8230;<\/p>\n","protected":false},"author":1,"featured_media":11194,"comment_status":"open","ping_status":"open","sticky":false,"template":"","format":"standard","meta":{"_crdt_document":"","footnotes":""},"categories":[125],"tags":[],"class_list":["post-11193","post","type-post","status-publish","format-standard","has-post-thumbnail","hentry","category-ekonomi"],"_links":{"self":[{"href":"https:\/\/www.egemtv.com\/index.php?rest_route=\/wp\/v2\/posts\/11193","targetHints":{"allow":["GET"]}}],"collection":[{"href":"https:\/\/www.egemtv.com\/index.php?rest_route=\/wp\/v2\/posts"}],"about":[{"href":"https:\/\/www.egemtv.com\/index.php?rest_route=\/wp\/v2\/types\/post"}],"author":[{"embeddable":true,"href":"https:\/\/www.egemtv.com\/index.php?rest_route=\/wp\/v2\/users\/1"}],"replies":[{"embeddable":true,"href":"https:\/\/www.egemtv.com\/index.php?rest_route=%2Fwp%2Fv2%2Fcomments&post=11193"}],"version-history":[{"count":1,"href":"https:\/\/www.egemtv.com\/index.php?rest_route=\/wp\/v2\/posts\/11193\/revisions"}],"predecessor-version":[{"id":11195,"href":"https:\/\/www.egemtv.com\/index.php?rest_route=\/wp\/v2\/posts\/11193\/revisions\/11195"}],"wp:featuredmedia":[{"embeddable":true,"href":"https:\/\/www.egemtv.com\/index.php?rest_route=\/wp\/v2\/media\/11194"}],"wp:attachment":[{"href":"https:\/\/www.egemtv.com\/index.php?rest_route=%2Fwp%2Fv2%2Fmedia&parent=11193"}],"wp:term":[{"taxonomy":"category","embeddable":true,"href":"https:\/\/www.egemtv.com\/index.php?rest_route=%2Fwp%2Fv2%2Fcategories&post=11193"},{"taxonomy":"post_tag","embeddable":true,"href":"https:\/\/www.egemtv.com\/index.php?rest_route=%2Fwp%2Fv2%2Ftags&post=11193"}],"curies":[{"name":"wp","href":"https:\/\/api.w.org\/{rel}","templated":true}]}}