{"id":11190,"date":"2025-01-21T14:10:35","date_gmt":"2025-01-21T11:10:35","guid":{"rendered":"https:\/\/www.egemtv.com\/?p=11190"},"modified":"2025-01-21T14:10:39","modified_gmt":"2025-01-21T11:10:39","slug":"mugla-buyuksehir-sosyal-destek-yardimlarini-yuzde-400-arttirdi","status":"publish","type":"post","link":"https:\/\/www.egemtv.com\/?p=11190","title":{"rendered":"Mu\u011fla B\u00fcy\u00fck\u015fehir sosyal destek yard\u0131mlar\u0131n\u0131 y\u00fczde 400 artt\u0131rd\u0131"},"content":{"rendered":"<p>Mu\u011fla B\u00fcy\u00fck\u015fehir Belediyesi, sosyal belediyecilik anlay\u0131\u015f\u0131 do\u011frultusunda ekonomik zorluk ya\u015fayan vatanda\u015flara sundu\u011fu destekleri b\u00fcy\u00fctmeye devam ediyor. 2024 y\u0131l\u0131nda 50 milyon 825 bin TL olarak belirlenen sosyal destek b\u00fct\u00e7esi, 2025 y\u0131l\u0131nda \u00fc\u00e7 kattan fazla art\u0131r\u0131larak 160 milyon TL\u2019ye \u00e7\u0131kar\u0131ld\u0131. Bu \u00f6nemli b\u00fct\u00e7e art\u0131\u015f\u0131yla birlikte, daha fazla ihtiya\u00e7 sahibi vatanda\u015fa ula\u015f\u0131lmas\u0131 ve sosyal dayan\u0131\u015fman\u0131n g\u00fc\u00e7lendirilmesi hedefleniyor.<br \/>\n<br \/>B\u00fcy\u00fck\u015fehir\u2019den geni\u015f kapsaml\u0131 sosyal destek projeleri<br \/>\n<br \/>Sosyal yard\u0131mlar arac\u0131l\u0131\u011f\u0131yla ihtiya\u00e7 sahibi vatanda\u015flar\u0131na \u00f6nemli destek sa\u011flayan Mu\u011fla B\u00fcy\u00fck\u015fehir Belediyesi, 2024 y\u0131l\u0131nda 13 bin 602 aileye toplamda 50 milyon 825 bin TL de\u011ferinde sosyal yard\u0131m deste\u011finde bulundu. B\u00fcy\u00fck\u015fehrin mevcut sosyal destek projeleri aras\u0131nda Emeklilere Destek Paketi, Halk Kart Deste\u011fi, Anne Kart Deste\u011fi, Nakdi Yard\u0131mlar, \u00d6\u011frenci Beslenme \u00c7antas\u0131 Deste\u011fi, Karak\u0131\u015f Destek Paketi, Bayram Deste\u011fi, Ula\u015f\u0131m Deste\u011fi, K\u0131rtasiye Deste\u011fi, Okul K\u0131yafet Deste\u011fi, S\u0131nav \u00dccreti Deste\u011fi ve Ho\u015f Geldin Bebek Deste\u011fi gibi pek \u00e7ok \u00f6nemli hizmet bulunuyor. Bu projelerle, sosyal dayan\u0131\u015fman\u0131n g\u00fc\u00e7lendirilmesi ve vatanda\u015flar\u0131n ya\u015fam kalitesinin art\u0131r\u0131lmas\u0131 hedefleniyor.<br \/>\n<br \/>Halk Kart ile sosyal dayan\u0131\u015fma g\u00fc\u00e7leniyor<br \/>\n<br \/>Sosyal belediyecilik kapsam\u0131nda B\u00fcy\u00fck\u015fehrin hayata ge\u00e7irdi\u011fi halk kart kapsay\u0131c\u0131 yap\u0131s\u0131yla pek \u00e7ok sosyal destek paketini bir araya getirerek ihtiya\u00e7 sahibi ailelere \u00f6nemli bir destek sa\u011fl\u0131yor. Uzman ekipler taraf\u0131ndan belirlenen ihtiya\u00e7 sahibi ailelere verilen Halk Kart, il genelinde geni\u015f bir kesime ula\u015farak temel ihtiya\u00e7lar\u0131n kar\u015f\u0131lanmas\u0131na imkan tan\u0131yor.<br \/>\n<br \/>Halk Kart ile vatanda\u015flar, g\u0131da, giysi, k\u0131rtasiye ve temizlik gibi temel ihtiya\u00e7 \u00fcr\u00fcnlerini kolayl\u0131kla temin edebiliyor. Bu destek, hem bireysel ihtiya\u00e7lar\u0131n kar\u015f\u0131lanmas\u0131n\u0131 sa\u011fl\u0131yor hem de toplumsal dayan\u0131\u015fmay\u0131 g\u00fc\u00e7lendiriyor. Bug\u00fcne kadar uygulanan Halk Kart deste\u011fiyle pek \u00e7ok aileye ula\u015f\u0131larak sosyal yard\u0131mla\u015fma ve dayan\u0131\u015fma k\u00fclt\u00fcr\u00fc daha da peki\u015ftirildi.<br \/>\n<br \/>Ba\u015fkan Aras: &#8220;Sosyal destek b\u00fct\u00e7esini \u00fc\u00e7 kattan fazla art\u0131rd\u0131k\u201d<br \/>\n<br \/>K\u0131y\u0131 Ege Belediyeler Birli\u011fi ve Mu\u011fla B\u00fcy\u00fck\u015fehir Belediye Ba\u015fkan\u0131 Ba\u015fkan Aras, sosyal belediyecili\u011fi bir \u00f6ncelik olarak g\u00f6rd\u00fcklerini ifade ederek, vatanda\u015flar\u0131n hayat\u0131na do\u011frudan dokunan hizmetler sunman\u0131n en temel g\u00f6revleri oldu\u011funu vurgulad\u0131. Ba\u015fkan Aras, \u015fu ifadeleri kulland\u0131: &#8221; B\u00fcy\u00fck\u015fehir Belediyesi olarak 13 il\u00e7emizde t\u00fcm hem\u015fehrilerimizin yan\u0131nda olmak i\u00e7in \u00e7al\u0131\u015f\u0131yoruz.  Sosyal belediyecilik vatanda\u015flar\u0131m\u0131z\u0131n ihtiya\u00e7lar\u0131na yan\u0131t vermek, onlara daha iyi bir ya\u015fam sunmak i\u00e7in \u00e7al\u0131\u015fmay\u0131 gerektirir. Bu anlay\u0131\u015fla, sosyal destek b\u00fct\u00e7emizi 2025 y\u0131l\u0131 i\u00e7in \u00fc\u00e7 kattan fazla art\u0131rarak, 50 milyon 825 bin TL\u2019den 160 milyon TL\u2019ye \u00e7\u0131kard\u0131k. Geni\u015fletilen b\u00fct\u00e7e ile daha fazla ihtiya\u00e7 sahibi vatanda\u015f\u0131m\u0131za destek olmak istiyoruz. \u0130htiya\u00e7 sahibi vatanda\u015flar\u0131m\u0131z\u0131 yaln\u0131z b\u0131rakmamak, t\u00fcm Mu\u011flal\u0131lar\u0131n e\u015fit hizmet almas\u0131n\u0131 sa\u011flamak bizim en b\u00fcy\u00fck \u00f6nceli\u011fimizdir. E\u011fitimden sa\u011fl\u0131\u011fa, g\u0131dadan temel ihtiya\u00e7lara kadar geni\u015f bir yelpazede sundu\u011fumuz destekleri b\u00fcy\u00fcterek, daha g\u00fc\u00e7l\u00fc bir dayan\u0131\u015fma k\u00fclt\u00fcr\u00fc olu\u015fturaca\u011f\u0131z. Sosyal destek projelerimizi b\u00fcy\u00fcterek, daha kapsay\u0131c\u0131 ve s\u00fcrd\u00fcr\u00fclebilir bir belediyecilik anlay\u0131\u015f\u0131yla ilerliyoruz. Birlikte daha g\u00fczel bir gelece\u011fe y\u00fcr\u00fcyece\u011fiz\u201d<br \/><\/p>\n","protected":false},"excerpt":{"rendered":"<p>Mu\u011fla B\u00fcy\u00fck\u015fehir Belediyesi, sosyal belediyecilik anlay\u0131\u015f\u0131 do\u011frultusunda ekonomik zorluk ya\u015fayan vatanda\u015flara sundu\u011fu destekleri b\u00fcy\u00fctmeye devam ediyor. 2024 y\u0131l\u0131nda 50 milyon 825 bin TL olarak belirlenen sosyal destek b\u00fct\u00e7esi, 2025 y\u0131l\u0131nda \u00fc\u00e7 kattan fazla art\u0131r\u0131larak 160 milyon TL\u2019ye \u00e7\u0131kar\u0131ld\u0131. Bu \u00f6nemli b\u00fct\u00e7e art\u0131\u015f\u0131yla birlikte, daha fazla ihtiya\u00e7 sahibi vatanda\u015fa ula\u015f\u0131lmas\u0131 ve sosyal dayan\u0131\u015fman\u0131n g\u00fc\u00e7lendirilmesi hedefleniyor. B\u00fcy\u00fck\u015fehir\u2019den&#8230;<\/p>\n","protected":false},"author":1,"featured_media":11191,"comment_status":"open","ping_status":"open","sticky":false,"template":"","format":"standard","meta":{"_crdt_document":"","footnotes":""},"categories":[123],"tags":[],"class_list":["post-11190","post","type-post","status-publish","format-standard","has-post-thumbnail","hentry","category-gundem"],"_links":{"self":[{"href":"https:\/\/www.egemtv.com\/index.php?rest_route=\/wp\/v2\/posts\/11190","targetHints":{"allow":["GET"]}}],"collection":[{"href":"https:\/\/www.egemtv.com\/index.php?rest_route=\/wp\/v2\/posts"}],"about":[{"href":"https:\/\/www.egemtv.com\/index.php?rest_route=\/wp\/v2\/types\/post"}],"author":[{"embeddable":true,"href":"https:\/\/www.egemtv.com\/index.php?rest_route=\/wp\/v2\/users\/1"}],"replies":[{"embeddable":true,"href":"https:\/\/www.egemtv.com\/index.php?rest_route=%2Fwp%2Fv2%2Fcomments&post=11190"}],"version-history":[{"count":1,"href":"https:\/\/www.egemtv.com\/index.php?rest_route=\/wp\/v2\/posts\/11190\/revisions"}],"predecessor-version":[{"id":11192,"href":"https:\/\/www.egemtv.com\/index.php?rest_route=\/wp\/v2\/posts\/11190\/revisions\/11192"}],"wp:featuredmedia":[{"embeddable":true,"href":"https:\/\/www.egemtv.com\/index.php?rest_route=\/wp\/v2\/media\/11191"}],"wp:attachment":[{"href":"https:\/\/www.egemtv.com\/index.php?rest_route=%2Fwp%2Fv2%2Fmedia&parent=11190"}],"wp:term":[{"taxonomy":"category","embeddable":true,"href":"https:\/\/www.egemtv.com\/index.php?rest_route=%2Fwp%2Fv2%2Fcategories&post=11190"},{"taxonomy":"post_tag","embeddable":true,"href":"https:\/\/www.egemtv.com\/index.php?rest_route=%2Fwp%2Fv2%2Ftags&post=11190"}],"curies":[{"name":"wp","href":"https:\/\/api.w.org\/{rel}","templated":true}]}}