{"id":11187,"date":"2025-01-21T14:07:29","date_gmt":"2025-01-21T11:07:29","guid":{"rendered":"https:\/\/www.egemtv.com\/?p=11187"},"modified":"2025-01-21T14:07:31","modified_gmt":"2025-01-21T11:07:31","slug":"iki-otomobilin-carpistigi-kazada-suruculer-yaralandi","status":"publish","type":"post","link":"https:\/\/www.egemtv.com\/?p=11187","title":{"rendered":"\u0130ki otomobilin \u00e7arp\u0131\u015ft\u0131\u011f\u0131 kazada s\u00fcr\u00fcc\u00fcler yaraland\u0131"},"content":{"rendered":"<p>Afyonkarahisar\u2019da iki otomobilin \u00e7arp\u0131\u015fmas\u0131 sonucu ya\u015fanan trafik kazas\u0131nda s\u00fcr\u00fcc\u00fcler yaraland\u0131.<br \/>\n<br \/>Kaza, Emirda\u011f il\u00e7esi A\u011f\u0131lc\u0131k k\u00f6y\u00fc yak\u0131nlar\u0131nda meydana geldi. Edinilen bilgilere g\u00f6re, M.G., y\u00f6netimindeki 03 VL 978 plakal\u0131 otomobil hen\u00fcz belirlenemeyen bir sebepten \u00f6t\u00fcr\u00fc H.K.\u2019n\u0131n kulland\u0131\u011f\u0131 03 HC 340 plakal\u0131 otomobille \u00e7arp\u0131\u015ft\u0131. Kazada her iki ara\u00e7 s\u00fcr\u00fcc\u00fcs\u00fc de yaraland\u0131. Yaralanan \u015fah\u0131slar\u0131n \u00e7evredekilerin haber vermesi \u00fczerine olay yerine gelen ambulanslarla hastanelere kald\u0131r\u0131ld\u0131.<br \/>\n<br \/>Kazan\u0131n ard\u0131ndan jandarma taraf\u0131ndan inceleme ba\u015flat\u0131ld\u0131.<br \/><\/p>\n","protected":false},"excerpt":{"rendered":"<p>Afyonkarahisar\u2019da iki otomobilin \u00e7arp\u0131\u015fmas\u0131 sonucu ya\u015fanan trafik kazas\u0131nda s\u00fcr\u00fcc\u00fcler yaraland\u0131. Kaza, Emirda\u011f il\u00e7esi A\u011f\u0131lc\u0131k k\u00f6y\u00fc yak\u0131nlar\u0131nda meydana geldi. Edinilen bilgilere g\u00f6re, M.G., y\u00f6netimindeki 03 VL 978 plakal\u0131 otomobil hen\u00fcz belirlenemeyen bir sebepten \u00f6t\u00fcr\u00fc H.K.\u2019n\u0131n kulland\u0131\u011f\u0131 03 HC 340 plakal\u0131 otomobille \u00e7arp\u0131\u015ft\u0131. Kazada her iki ara\u00e7 s\u00fcr\u00fcc\u00fcs\u00fc de yaraland\u0131. Yaralanan \u015fah\u0131slar\u0131n \u00e7evredekilerin haber vermesi \u00fczerine olay&#8230;<\/p>\n","protected":false},"author":1,"featured_media":11188,"comment_status":"open","ping_status":"open","sticky":false,"template":"","format":"standard","meta":{"_crdt_document":"","footnotes":""},"categories":[5],"tags":[],"class_list":["post-11187","post","type-post","status-publish","format-standard","has-post-thumbnail","hentry","category-asayis"],"_links":{"self":[{"href":"https:\/\/www.egemtv.com\/index.php?rest_route=\/wp\/v2\/posts\/11187","targetHints":{"allow":["GET"]}}],"collection":[{"href":"https:\/\/www.egemtv.com\/index.php?rest_route=\/wp\/v2\/posts"}],"about":[{"href":"https:\/\/www.egemtv.com\/index.php?rest_route=\/wp\/v2\/types\/post"}],"author":[{"embeddable":true,"href":"https:\/\/www.egemtv.com\/index.php?rest_route=\/wp\/v2\/users\/1"}],"replies":[{"embeddable":true,"href":"https:\/\/www.egemtv.com\/index.php?rest_route=%2Fwp%2Fv2%2Fcomments&post=11187"}],"version-history":[{"count":1,"href":"https:\/\/www.egemtv.com\/index.php?rest_route=\/wp\/v2\/posts\/11187\/revisions"}],"predecessor-version":[{"id":11189,"href":"https:\/\/www.egemtv.com\/index.php?rest_route=\/wp\/v2\/posts\/11187\/revisions\/11189"}],"wp:featuredmedia":[{"embeddable":true,"href":"https:\/\/www.egemtv.com\/index.php?rest_route=\/wp\/v2\/media\/11188"}],"wp:attachment":[{"href":"https:\/\/www.egemtv.com\/index.php?rest_route=%2Fwp%2Fv2%2Fmedia&parent=11187"}],"wp:term":[{"taxonomy":"category","embeddable":true,"href":"https:\/\/www.egemtv.com\/index.php?rest_route=%2Fwp%2Fv2%2Fcategories&post=11187"},{"taxonomy":"post_tag","embeddable":true,"href":"https:\/\/www.egemtv.com\/index.php?rest_route=%2Fwp%2Fv2%2Ftags&post=11187"}],"curies":[{"name":"wp","href":"https:\/\/api.w.org\/{rel}","templated":true}]}}