{"id":11184,"date":"2025-01-21T14:04:28","date_gmt":"2025-01-21T11:04:28","guid":{"rendered":"https:\/\/www.egemtv.com\/?p=11184"},"modified":"2025-01-21T14:04:30","modified_gmt":"2025-01-21T11:04:30","slug":"9-ay-once-oglunu-kazada-kaybeden-anne-oglumun-olumune-kim-sebep-oldu","status":"publish","type":"post","link":"https:\/\/www.egemtv.com\/?p=11184","title":{"rendered":"9 ay \u00f6nce o\u011flunu kazada kaybeden anne: &#8220;O\u011flumun \u00f6l\u00fcm\u00fcne kim sebep oldu&#8221;"},"content":{"rendered":"<p>Mu\u011fla\u2019n\u0131n Marmaris il\u00e7esinde 13 May\u0131s 2024 tarihinde motor kazas\u0131 ge\u00e7iren ve 2 hafta yo\u011fun bak\u0131mda tedavi g\u00f6r\u00fcp ya\u015fam m\u00fccadelesini kaybeden Yusuf Can K\u0131z\u0131l\u2019\u0131n annesi Edibe Karabiber, &#8220;9 ayd\u0131r g\u00f6z\u00fcmde uyku yok benim o\u011flum neden \u00f6ld\u00fc&#8221; diye sorarak kazan\u0131n sorumlular\u0131n\u0131n bulunmas\u0131n\u0131 istiyor.<br \/>\n<br \/>13 May\u0131s 2024\u2019\u00fcn ilk saatlerinde Marmaris\u2019e 11 kilometre uzakl\u0131ktaki \u0130\u00e7meler Mahallesi\u2019nde tek tarafl\u0131 motor kazas\u0131nda a\u011f\u0131r yaral\u0131 olarak hastaneye kald\u0131r\u0131lan ve yo\u011fun bak\u0131mda tedavisi s\u00fcrerken 28 ya\u015f\u0131nda hayata veda eden Yusuf Can K\u0131z\u0131l\u2019\u0131n annesi Edibe Karabiber her g\u00fcn kaza yerine, o\u011flunun mezar\u0131na ve adliyeye gitti\u011fini belirterek, bir hafta sonra do\u011fum g\u00fcn\u00fc olan o\u011flunun \u00f6l\u00fcm\u00fcne sebep olanlar\u0131n ara\u015ft\u0131r\u0131lmas\u0131n\u0131 istiyor.<\/p>\n<p>&#8220;O\u011flumun v\u00fccudunda \u00e7izik bile yoktu&#8221;<br \/>\n<br \/>Kazada hayat\u0131n\u0131 kaybeden 28 ya\u015f\u0131ndaki Yusuf Can K\u0131z\u0131l\u2019\u0131n annesi Edibe Karabiber, kazan\u0131n s\u0131radan bir trafik kazas\u0131 olmad\u0131\u011f\u0131n\u0131 iddia ederek olay\u0131n ayd\u0131nlat\u0131lmas\u0131n\u0131 talep etti. O\u011flunun motor kazas\u0131 ge\u00e7irdi\u011finin s\u00f6ylendi\u011fini ancak olay yerindeki detaylar\u0131n bunu desteklemedi\u011fini \u00f6ne s\u00fcren Karabiber, &#8220;O\u011flumun sadece ba\u015f\u0131nda b\u00fcy\u00fck bir darbe vard\u0131 ama y\u00fcz\u00fcnde ya da v\u00fccudunda hi\u00e7bir s\u0131yr\u0131k yoktu. Telefonu bile \u00e7izik almam\u0131\u015ft\u0131. Kazan\u0131n oldu\u011fu yer \u00e7ak\u0131llarla dolu olmas\u0131na ra\u011fmen ne fren izi vard\u0131 ne de motorun lastiklerinde bir iz. Olay yerine sabah 6\u2019da geldi\u011fimde kan izleri bile temizlenmi\u015fti. K\u00fcrekle al\u0131nm\u0131\u015f gibi g\u00f6r\u00fcn\u00fcyordu&#8221; \u015feklinde konu\u015ftu.<br \/>\n<br \/>Karabiber, kazan\u0131n ard\u0131ndan kamera kay\u0131tlar\u0131n\u0131n incelenmesini talep etti\u011fini ancak bir sonu\u00e7 alamad\u0131\u011f\u0131n\u0131 vurgulayarak, &#8220;8,5 ayd\u0131r delillerin toplanmas\u0131 i\u00e7in m\u00fccadele ediyorum. Kamera kay\u0131tlar\u0131n\u0131n silindi\u011fini d\u00fc\u015f\u00fcn\u00fcyorum. \u00c7ocu\u011fumun \u00f6l\u00fcm\u00fcnden bir beyaz ara\u00e7tan \u015f\u00fcpheleniyorum ama \u2019plakas\u0131 okunmuyor\u2019 denildi. Her \u015fey karanl\u0131kta kald\u0131&#8221; dedi.<\/p>\n<p>&#8220;O\u011flumun telefonunda tehdit mesajlar\u0131 vard\u0131&#8221;<br \/>\n<br \/>O\u011flunun kazadan \u00f6nceki saatlerde baz\u0131 ki\u015filerle g\u00f6r\u00fc\u015ft\u00fc\u011f\u00fcn\u00fc ve tehdit mesajlar\u0131 ald\u0131\u011f\u0131n\u0131 s\u00f6yleyen Karabiber, bu bilgileri karakol ve savc\u0131l\u0131kla payla\u015ft\u0131\u011f\u0131n\u0131 belirterek &#8220;Benim o\u011flumun telefonunda hastanede beklerken ayr\u0131ld\u0131\u011f\u0131 k\u0131z arkada\u015f\u0131ndan inan\u0131lmaz derecede tehdit mesajlar\u0131n\u0131 okudum. Bunlar\u0131n hepsini hem karakola s\u00f6yledim hem savc\u0131l\u0131k dosyas\u0131na s\u00f6yledim. Birlikte oldu\u011fu \u00fc\u00e7 ki\u015finin de ifadeleri birbirini tutmad\u0131\u011f\u0131 halde hala sekiz bu\u00e7uk aydan beri hi\u00e7bir sonu\u00e7 al\u0131namad\u0131. Ben o\u011flumu neden kaybetti\u011fimi \u00f6\u011frenmek istiyorum. Evet, benim o\u011fluma ne oldu\u011funu, kimler sebep oldu\u011funu \u00f6\u011frenmek istiyorum. Kaza ise kazaya ili\u015fkin geli\u015f an\u0131ndaki bir s\u00fcr\u00fc g\u00fcvenlik kameras\u0131 kay\u0131tlar\u0131 olmas\u0131na ra\u011fmen, sekiz bu\u00e7uk ayda o kadar \u00e7ok adliyeye gidip dilek\u00e7e vermeme ra\u011fmen hala hi\u00e7bir g\u00fcvenlik kayd\u0131 \u00e7\u0131k\u0131p da dosyan\u0131n i\u00e7ine konulmad\u0131. Aylarca HTS kayd\u0131 istedim. 8 ay sonra HTS kayd\u0131 \u00e7\u0131kt\u0131 ama hala bir sonu\u00e7 yok&#8221; diyerek yetkililerden yard\u0131m bekledi\u011fini belirtti.<\/p>\n<p>&#8220;Tek istedi\u011fim o\u011flumun neden \u00f6ld\u00fc\u011f\u00fcn\u00fc bilmek&#8221;<br \/>\n<br \/>Edibe Karabiber, otopsi raporunda yaln\u0131zca kafa travmas\u0131 sonucu \u00f6l\u00fcm yaz\u0131ld\u0131\u011f\u0131n\u0131, ancak travman\u0131n neden kaynakland\u0131\u011f\u0131n\u0131n belirtilmedi\u011fini ifade ederek, &#8220;Kafa travmas\u0131n\u0131n sebebi d\u00fc\u015fme mi, ta\u015f m\u0131, yoksa ba\u015fka bir \u015fey mi? Bunu bilmiyorum. Bu bir motor kazas\u0131 de\u011fil, o\u011flumun ba\u015f\u0131na ne geldi\u011fini \u00f6\u011frenmek istiyorum. Geceleri uyuyam\u0131yorum, her g\u00fcn adliyeye ve olay yerine gidiyorum. Tek istedi\u011fim adaletin sa\u011flanmas\u0131&#8221; dedi.<br \/>\n<br \/>Ac\u0131l\u0131 anne, s\u00fcrecin h\u0131zland\u0131r\u0131lmas\u0131n\u0131 ve o\u011flunun \u00f6l\u00fcm\u00fcne ili\u015fkin t\u00fcm \u015f\u00fcphelerin ayd\u0131nlat\u0131lmas\u0131n\u0131 istedi\u011fini dile getirdi.<br \/><\/p>\n","protected":false},"excerpt":{"rendered":"<p>Mu\u011fla\u2019n\u0131n Marmaris il\u00e7esinde 13 May\u0131s 2024 tarihinde motor kazas\u0131 ge\u00e7iren ve 2 hafta yo\u011fun bak\u0131mda tedavi g\u00f6r\u00fcp ya\u015fam m\u00fccadelesini kaybeden Yusuf Can K\u0131z\u0131l\u2019\u0131n annesi Edibe Karabiber, &#8220;9 ayd\u0131r g\u00f6z\u00fcmde uyku yok benim o\u011flum neden \u00f6ld\u00fc&#8221; diye sorarak kazan\u0131n sorumlular\u0131n\u0131n bulunmas\u0131n\u0131 istiyor. 13 May\u0131s 2024\u2019\u00fcn ilk saatlerinde Marmaris\u2019e 11 kilometre uzakl\u0131ktaki \u0130\u00e7meler Mahallesi\u2019nde tek tarafl\u0131 motor&#8230;<\/p>\n","protected":false},"author":1,"featured_media":11185,"comment_status":"open","ping_status":"open","sticky":false,"template":"","format":"standard","meta":{"_crdt_document":"","footnotes":""},"categories":[5],"tags":[],"class_list":["post-11184","post","type-post","status-publish","format-standard","has-post-thumbnail","hentry","category-asayis"],"_links":{"self":[{"href":"https:\/\/www.egemtv.com\/index.php?rest_route=\/wp\/v2\/posts\/11184","targetHints":{"allow":["GET"]}}],"collection":[{"href":"https:\/\/www.egemtv.com\/index.php?rest_route=\/wp\/v2\/posts"}],"about":[{"href":"https:\/\/www.egemtv.com\/index.php?rest_route=\/wp\/v2\/types\/post"}],"author":[{"embeddable":true,"href":"https:\/\/www.egemtv.com\/index.php?rest_route=\/wp\/v2\/users\/1"}],"replies":[{"embeddable":true,"href":"https:\/\/www.egemtv.com\/index.php?rest_route=%2Fwp%2Fv2%2Fcomments&post=11184"}],"version-history":[{"count":1,"href":"https:\/\/www.egemtv.com\/index.php?rest_route=\/wp\/v2\/posts\/11184\/revisions"}],"predecessor-version":[{"id":11186,"href":"https:\/\/www.egemtv.com\/index.php?rest_route=\/wp\/v2\/posts\/11184\/revisions\/11186"}],"wp:featuredmedia":[{"embeddable":true,"href":"https:\/\/www.egemtv.com\/index.php?rest_route=\/wp\/v2\/media\/11185"}],"wp:attachment":[{"href":"https:\/\/www.egemtv.com\/index.php?rest_route=%2Fwp%2Fv2%2Fmedia&parent=11184"}],"wp:term":[{"taxonomy":"category","embeddable":true,"href":"https:\/\/www.egemtv.com\/index.php?rest_route=%2Fwp%2Fv2%2Fcategories&post=11184"},{"taxonomy":"post_tag","embeddable":true,"href":"https:\/\/www.egemtv.com\/index.php?rest_route=%2Fwp%2Fv2%2Ftags&post=11184"}],"curies":[{"name":"wp","href":"https:\/\/api.w.org\/{rel}","templated":true}]}}