{"id":11178,"date":"2025-01-21T14:01:37","date_gmt":"2025-01-21T11:01:37","guid":{"rendered":"https:\/\/www.egemtv.com\/?p=11178"},"modified":"2025-01-21T14:01:39","modified_gmt":"2025-01-21T11:01:39","slug":"hapis-cezalariyla-aranan-2-kisiyi-jandarma-yakaladi","status":"publish","type":"post","link":"https:\/\/www.egemtv.com\/?p=11178","title":{"rendered":"Hapis cezalar\u0131yla aranan 2 ki\u015fiyi jandarma yakalad\u0131"},"content":{"rendered":"<p>Afyonkarahisar\u2019da \u00e7e\u015fitli su\u00e7lardan hapis cezalar\u0131yla aranan 2 \u015fah\u0131s jandarman\u0131n takibi sonras\u0131 yakaland\u0131.<br \/>\n<br \/>Afyonkarahisar \u0130l Jandarma Komutanl\u0131\u011f\u0131 ekipleri aranan \u015fah\u0131slar\u0131n tespiti ve yakalanmas\u0131na y\u00f6nelik \u00e7al\u0131\u015fma ba\u015flatt\u0131. Yap\u0131lan incelemelerde M.E.\u2019nin herkesin girebilece\u011fi bir yerde b\u0131rak\u0131lmakla birlikte kilitlenmek sureti ile h\u0131rs\u0131zl\u0131k su\u00e7undan 3 y\u0131l 9 ay, O.M.\u2019nin ise kad\u0131na kar\u015f\u0131 basit yaralama su\u00e7undan 1 y\u0131l 15 g\u00fcn hapis cezalar\u0131yla arand\u0131klar\u0131 tespit edildi. Ard\u0131ndan \u015fah\u0131slar yap\u0131lan takip sonras\u0131 kent merkezinde yakalanarak g\u00f6zalt\u0131na al\u0131nd\u0131. \u015eah\u0131slar jandarmadaki i\u015flemleri sonras\u0131 sevk edildikleri mahkemeler taraf\u0131ndan tutuklanarak cezaevine g\u00f6nderildi.<br \/><\/p>\n","protected":false},"excerpt":{"rendered":"<p>Afyonkarahisar\u2019da \u00e7e\u015fitli su\u00e7lardan hapis cezalar\u0131yla aranan 2 \u015fah\u0131s jandarman\u0131n takibi sonras\u0131 yakaland\u0131. Afyonkarahisar \u0130l Jandarma Komutanl\u0131\u011f\u0131 ekipleri aranan \u015fah\u0131slar\u0131n tespiti ve yakalanmas\u0131na y\u00f6nelik \u00e7al\u0131\u015fma ba\u015flatt\u0131. Yap\u0131lan incelemelerde M.E.\u2019nin herkesin girebilece\u011fi bir yerde b\u0131rak\u0131lmakla birlikte kilitlenmek sureti ile h\u0131rs\u0131zl\u0131k su\u00e7undan 3 y\u0131l 9 ay, O.M.\u2019nin ise kad\u0131na kar\u015f\u0131 basit yaralama su\u00e7undan 1 y\u0131l 15 g\u00fcn hapis&#8230;<\/p>\n","protected":false},"author":1,"featured_media":11179,"comment_status":"open","ping_status":"open","sticky":false,"template":"","format":"standard","meta":{"_crdt_document":"","footnotes":""},"categories":[5],"tags":[],"class_list":["post-11178","post","type-post","status-publish","format-standard","has-post-thumbnail","hentry","category-asayis"],"_links":{"self":[{"href":"https:\/\/www.egemtv.com\/index.php?rest_route=\/wp\/v2\/posts\/11178","targetHints":{"allow":["GET"]}}],"collection":[{"href":"https:\/\/www.egemtv.com\/index.php?rest_route=\/wp\/v2\/posts"}],"about":[{"href":"https:\/\/www.egemtv.com\/index.php?rest_route=\/wp\/v2\/types\/post"}],"author":[{"embeddable":true,"href":"https:\/\/www.egemtv.com\/index.php?rest_route=\/wp\/v2\/users\/1"}],"replies":[{"embeddable":true,"href":"https:\/\/www.egemtv.com\/index.php?rest_route=%2Fwp%2Fv2%2Fcomments&post=11178"}],"version-history":[{"count":1,"href":"https:\/\/www.egemtv.com\/index.php?rest_route=\/wp\/v2\/posts\/11178\/revisions"}],"predecessor-version":[{"id":11180,"href":"https:\/\/www.egemtv.com\/index.php?rest_route=\/wp\/v2\/posts\/11178\/revisions\/11180"}],"wp:featuredmedia":[{"embeddable":true,"href":"https:\/\/www.egemtv.com\/index.php?rest_route=\/wp\/v2\/media\/11179"}],"wp:attachment":[{"href":"https:\/\/www.egemtv.com\/index.php?rest_route=%2Fwp%2Fv2%2Fmedia&parent=11178"}],"wp:term":[{"taxonomy":"category","embeddable":true,"href":"https:\/\/www.egemtv.com\/index.php?rest_route=%2Fwp%2Fv2%2Fcategories&post=11178"},{"taxonomy":"post_tag","embeddable":true,"href":"https:\/\/www.egemtv.com\/index.php?rest_route=%2Fwp%2Fv2%2Ftags&post=11178"}],"curies":[{"name":"wp","href":"https:\/\/api.w.org\/{rel}","templated":true}]}}