{"id":11175,"date":"2025-01-21T13:55:59","date_gmt":"2025-01-21T10:55:59","guid":{"rendered":"https:\/\/www.egemtv.com\/?p=11175"},"modified":"2025-01-21T13:56:02","modified_gmt":"2025-01-21T10:56:02","slug":"kontrolden-cikan-luks-otomobil-agaca-carpip-ters-dondu-1-yarali","status":"publish","type":"post","link":"https:\/\/www.egemtv.com\/?p=11175","title":{"rendered":"Kontrolden \u00e7\u0131kan l\u00fcks otomobil a\u011faca \u00e7arp\u0131p ters d\u00f6nd\u00fc: 1 yaral\u0131"},"content":{"rendered":"<p>Isparta\u2019da kontrolden \u00e7\u0131kan l\u00fcks otomobil a\u011faca \u00e7arp\u0131p ters d\u00f6nd\u00fc. S\u00fcr\u00fcc\u00fc hafif yaraland\u0131.<br \/>\n<br \/>Kaza, sabah saatlerinde Fatih Mahallesi 206. Cadde\u2019de meydana geldi. Edinilen bilgiye g\u00f6re, M.\u00c7.\u2019nin kulland\u0131\u011f\u0131 16 E 6070 plakal\u0131 BMW marka otomobil, s\u00fcr\u00fcc\u00fcs\u00fcn\u00fcn direksiyon hakimiyetini kaybetmesi sonucu a\u011faca \u00e7arparak ters d\u00f6nd\u00fc. Kazada s\u00fcr\u00fcc\u00fc M.\u00c7. hafif \u015fekilde yaraland\u0131. \u00c7evredeki vatanda\u015flar\u0131n 112 Acil \u00c7a\u011fr\u0131 Merkezi\u2019ne ihbar\u0131 \u00fczerine b\u00f6lgeye polis, itfaiye, sa\u011fl\u0131k ekipleri sevk edildi. Olay yerine gelen sa\u011fl\u0131k ekipleri, yaral\u0131 M.\u00c7.\u2019yi ayakta tedavi etti. Kazayla ilgili inceleme ba\u015flat\u0131ld\u0131.<br \/><\/p>\n","protected":false},"excerpt":{"rendered":"<p>Isparta\u2019da kontrolden \u00e7\u0131kan l\u00fcks otomobil a\u011faca \u00e7arp\u0131p ters d\u00f6nd\u00fc. S\u00fcr\u00fcc\u00fc hafif yaraland\u0131. Kaza, sabah saatlerinde Fatih Mahallesi 206. Cadde\u2019de meydana geldi. Edinilen bilgiye g\u00f6re, M.\u00c7.\u2019nin kulland\u0131\u011f\u0131 16 E 6070 plakal\u0131 BMW marka otomobil, s\u00fcr\u00fcc\u00fcs\u00fcn\u00fcn direksiyon hakimiyetini kaybetmesi sonucu a\u011faca \u00e7arparak ters d\u00f6nd\u00fc. Kazada s\u00fcr\u00fcc\u00fc M.\u00c7. hafif \u015fekilde yaraland\u0131. \u00c7evredeki vatanda\u015flar\u0131n 112 Acil \u00c7a\u011fr\u0131 Merkezi\u2019ne ihbar\u0131&#8230;<\/p>\n","protected":false},"author":1,"featured_media":11176,"comment_status":"open","ping_status":"open","sticky":false,"template":"","format":"standard","meta":{"_crdt_document":"","footnotes":""},"categories":[5],"tags":[],"class_list":["post-11175","post","type-post","status-publish","format-standard","has-post-thumbnail","hentry","category-asayis"],"_links":{"self":[{"href":"https:\/\/www.egemtv.com\/index.php?rest_route=\/wp\/v2\/posts\/11175","targetHints":{"allow":["GET"]}}],"collection":[{"href":"https:\/\/www.egemtv.com\/index.php?rest_route=\/wp\/v2\/posts"}],"about":[{"href":"https:\/\/www.egemtv.com\/index.php?rest_route=\/wp\/v2\/types\/post"}],"author":[{"embeddable":true,"href":"https:\/\/www.egemtv.com\/index.php?rest_route=\/wp\/v2\/users\/1"}],"replies":[{"embeddable":true,"href":"https:\/\/www.egemtv.com\/index.php?rest_route=%2Fwp%2Fv2%2Fcomments&post=11175"}],"version-history":[{"count":1,"href":"https:\/\/www.egemtv.com\/index.php?rest_route=\/wp\/v2\/posts\/11175\/revisions"}],"predecessor-version":[{"id":11177,"href":"https:\/\/www.egemtv.com\/index.php?rest_route=\/wp\/v2\/posts\/11175\/revisions\/11177"}],"wp:featuredmedia":[{"embeddable":true,"href":"https:\/\/www.egemtv.com\/index.php?rest_route=\/wp\/v2\/media\/11176"}],"wp:attachment":[{"href":"https:\/\/www.egemtv.com\/index.php?rest_route=%2Fwp%2Fv2%2Fmedia&parent=11175"}],"wp:term":[{"taxonomy":"category","embeddable":true,"href":"https:\/\/www.egemtv.com\/index.php?rest_route=%2Fwp%2Fv2%2Fcategories&post=11175"},{"taxonomy":"post_tag","embeddable":true,"href":"https:\/\/www.egemtv.com\/index.php?rest_route=%2Fwp%2Fv2%2Ftags&post=11175"}],"curies":[{"name":"wp","href":"https:\/\/api.w.org\/{rel}","templated":true}]}}