{"id":11172,"date":"2025-01-21T13:55:57","date_gmt":"2025-01-21T10:55:57","guid":{"rendered":"https:\/\/www.egemtv.com\/?p=11172"},"modified":"2025-01-21T13:55:59","modified_gmt":"2025-01-21T10:55:59","slug":"altinordu-ersan-parlatanla-anlasti","status":"publish","type":"post","link":"https:\/\/www.egemtv.com\/?p=11172","title":{"rendered":"Alt\u0131nordu, Ersan Parlatan\u2019la anla\u015ft\u0131"},"content":{"rendered":"<p>Alt\u0131nordu, Olcay \u015eahan\u2019dan bo\u015falan teknik direkt\u00f6rl\u00fck g\u00f6revi i\u00e7in Ersan Parlatan\u2019la anla\u015ft\u0131.<br \/>\n<br \/>TFF 2. Lig Beyaz Grup ekiplerinden Alt\u0131nordu, ikinci devrenin ilk ma\u00e7\u0131nda \u0130neg\u00f6lspor\u2019la deplasmanda gols\u00fcz berabere kal\u0131nca puan kayb\u0131n\u0131n faturas\u0131n\u0131 Teknik Direkt\u00f6r Olcay \u015eahan\u2019a kesti ve gen\u00e7 \u00e7al\u0131\u015ft\u0131r\u0131c\u0131 ile yollar ayr\u0131ld\u0131. \u0130zmir ekibi, \u015eahan\u2019dan bo\u015falan teknik direkt\u00f6rl\u00fck g\u00f6revi i\u00e7in 47 ya\u015f\u0131ndaki teknik adam Ersan Parlatan\u2019la masaya oturdu\u011fu ve anla\u015fma sa\u011flad\u0131\u011f\u0131 \u00f6\u011frenildi. Resmi a\u00e7\u0131klaman\u0131n ise k\u0131sa bir s\u00fcre i\u00e7erisinde k\u0131rm\u0131z\u0131-lacivertli kul\u00fcp taraf\u0131ndan yap\u0131lmas\u0131 bekleniyor.<br \/>\n<br \/>\u00d6te yandan deneyimli \u00e7al\u0131\u015ft\u0131r\u0131c\u0131n\u0131n, 26 Ocak Pazar g\u00fcn\u00fc oynanacak Alt\u0131nordu-Kepezspor kar\u015f\u0131la\u015fmas\u0131nda kul\u00fcbedeki yerini alaca\u011f\u0131 ifade edildi. Parlatan, son olarak Ankara Ke\u00e7i\u00f6reng\u00fcc\u00fc\u2019nde g\u00f6rev alm\u0131\u015f ve tak\u0131m\u0131n\u0131n ba\u015f\u0131nda \u00e7\u0131kt\u0131\u011f\u0131 12 ma\u00e7ta 1.25 puan ortalamas\u0131n\u0131 tutturmu\u015ftu.<br \/><\/p>\n","protected":false},"excerpt":{"rendered":"<p>Alt\u0131nordu, Olcay \u015eahan\u2019dan bo\u015falan teknik direkt\u00f6rl\u00fck g\u00f6revi i\u00e7in Ersan Parlatan\u2019la anla\u015ft\u0131. TFF 2. Lig Beyaz Grup ekiplerinden Alt\u0131nordu, ikinci devrenin ilk ma\u00e7\u0131nda \u0130neg\u00f6lspor\u2019la deplasmanda gols\u00fcz berabere kal\u0131nca puan kayb\u0131n\u0131n faturas\u0131n\u0131 Teknik Direkt\u00f6r Olcay \u015eahan\u2019a kesti ve gen\u00e7 \u00e7al\u0131\u015ft\u0131r\u0131c\u0131 ile yollar ayr\u0131ld\u0131. \u0130zmir ekibi, \u015eahan\u2019dan bo\u015falan teknik direkt\u00f6rl\u00fck g\u00f6revi i\u00e7in 47 ya\u015f\u0131ndaki teknik adam Ersan Parlatan\u2019la&#8230;<\/p>\n","protected":false},"author":1,"featured_media":11173,"comment_status":"open","ping_status":"open","sticky":false,"template":"","format":"standard","meta":{"_crdt_document":"","footnotes":""},"categories":[4],"tags":[],"class_list":["post-11172","post","type-post","status-publish","format-standard","has-post-thumbnail","hentry","category-spor"],"_links":{"self":[{"href":"https:\/\/www.egemtv.com\/index.php?rest_route=\/wp\/v2\/posts\/11172","targetHints":{"allow":["GET"]}}],"collection":[{"href":"https:\/\/www.egemtv.com\/index.php?rest_route=\/wp\/v2\/posts"}],"about":[{"href":"https:\/\/www.egemtv.com\/index.php?rest_route=\/wp\/v2\/types\/post"}],"author":[{"embeddable":true,"href":"https:\/\/www.egemtv.com\/index.php?rest_route=\/wp\/v2\/users\/1"}],"replies":[{"embeddable":true,"href":"https:\/\/www.egemtv.com\/index.php?rest_route=%2Fwp%2Fv2%2Fcomments&post=11172"}],"version-history":[{"count":1,"href":"https:\/\/www.egemtv.com\/index.php?rest_route=\/wp\/v2\/posts\/11172\/revisions"}],"predecessor-version":[{"id":11174,"href":"https:\/\/www.egemtv.com\/index.php?rest_route=\/wp\/v2\/posts\/11172\/revisions\/11174"}],"wp:featuredmedia":[{"embeddable":true,"href":"https:\/\/www.egemtv.com\/index.php?rest_route=\/wp\/v2\/media\/11173"}],"wp:attachment":[{"href":"https:\/\/www.egemtv.com\/index.php?rest_route=%2Fwp%2Fv2%2Fmedia&parent=11172"}],"wp:term":[{"taxonomy":"category","embeddable":true,"href":"https:\/\/www.egemtv.com\/index.php?rest_route=%2Fwp%2Fv2%2Fcategories&post=11172"},{"taxonomy":"post_tag","embeddable":true,"href":"https:\/\/www.egemtv.com\/index.php?rest_route=%2Fwp%2Fv2%2Ftags&post=11172"}],"curies":[{"name":"wp","href":"https:\/\/api.w.org\/{rel}","templated":true}]}}