{"id":11139,"date":"2025-01-21T13:01:31","date_gmt":"2025-01-21T10:01:31","guid":{"rendered":"https:\/\/www.egemtv.com\/?p=11139"},"modified":"2025-01-21T13:01:33","modified_gmt":"2025-01-21T10:01:33","slug":"aramalari-baskan-balaban-cevapladi","status":"publish","type":"post","link":"https:\/\/www.egemtv.com\/?p=11139","title":{"rendered":"Aramalar\u0131 Ba\u015fkan Balaban cevaplad\u0131"},"content":{"rendered":"<p>Yunusemre Belediye Ba\u015fkan\u0131 Semih Balaban, \u00c7a\u011fr\u0131 Merkezi\u2019nde g\u00f6rev yapan \u00e7al\u0131\u015fanlarla bir araya geldi ard\u0131ndan da merkezi arayan vatanda\u015flarla birebir g\u00f6r\u00fc\u015ft\u00fc. Ba\u015fkan Balaban\u2019\u0131n sesini duyan vatanda\u015flar ise ilk etapta \u015fa\u015f\u0131rd\u0131, ard\u0131ndan taleplerini anlatt\u0131.<br \/>\n<br \/>Yunusemre Belediyesi \u00c7a\u011fr\u0131 Merkezi\u2019nde vatanda\u015flar\u0131n\u0131n daha kaliteli, ula\u015f\u0131labilir hizmet almas\u0131n\u0131 sa\u011flamak i\u00e7in \u00e7al\u0131\u015fan personelini ziyaret eden Yunusemre Belediye Ba\u015fkan\u0131 Semih Balaban, \u00e7a\u011fr\u0131 merkezine gelen aramalara cevap vererek vatanda\u015flar\u0131n taleplerini dinledi. Ba\u015fkan Balaban\u2019\u0131n sesini duyan vatanda\u015flar ilk etapta \u015fa\u015fk\u0131nl\u0131\u011f\u0131n\u0131 gizleyemedi. Belediye Ba\u015fkan\u0131 Balaban\u2019a taleplerini anlatan vatanda\u015flar, belediye ba\u015fkan\u0131na taleplerini iletmekten memnuniyet duyduklar\u0131n\u0131 s\u00f6yledi.<\/p>\n<p>\u2018Belediye bir telefon kadar yak\u0131n\u2019<br \/>\n<br \/>Yunusemre Belediye Ba\u015fkan\u0131 Semih Balaban, \u00c7a\u011fr\u0131 Merkezi\u2019nin Yunusemre\u2019deki vatanda\u015flara daha kaliteli ve ula\u015f\u0131labilir hizmet sunabilmek i\u00e7in \u00f6nemli bir rol \u00fcstlendi\u011fini vurgulad\u0131. Ba\u015fkan Balaban burada yapt\u0131\u011f\u0131 a\u00e7\u0131klamada 444 62 09 numaral\u0131 \u00e7a\u011fr\u0131 merkezinin, sevgi, ho\u015fg\u00f6r\u00fc ve g\u00fcler y\u00fczle hizmet veren personeliyle vatanda\u015flara bir telefon kadar yak\u0131n oldu\u011funu s\u00f6yledi. \u00c7a\u011fr\u0131 merkezinde \u00e7al\u0131\u015fan personelini ziyaretinde konu\u015fan Belediye Ba\u015fkan\u0131 Balaban, her t\u00fcrl\u00fc vatanda\u015f sorununa \u00e7\u00f6z\u00fcm bulmak amac\u0131yla yo\u011fun bir mesai harcad\u0131klar\u0131n\u0131 ifade etti.<\/p>\n<p>\u2018Sorunlar\u0131 en h\u0131zl\u0131 \u015fekilde \u00e7\u00f6zmek i\u00e7in \u00e7al\u0131\u015f\u0131yoruz\u2019<br \/>\n<br \/>Ba\u015fkan Balaban, halkla ve kurumlarla i\u015f birli\u011fi i\u00e7erisinde Yunusemre\u2019nin sorunlar\u0131n\u0131 el birli\u011fiyle \u00e7\u00f6zeceklerini kaydederek \u015funlar\u0131 s\u00f6yledi: &#8220;444 62 09 numaral\u0131 \u00c7a\u011fr\u0131 Merkezi\u2019nde vatanda\u015flar\u0131m\u0131z\u0131n taleplerini dinledim. \u2019Yunusemre Hepimizin\u2019 diyerek, halk\u0131m\u0131z\u0131n ihtiya\u00e7lar\u0131n\u0131 kar\u015f\u0131lamak i\u00e7in belediye olarak yo\u011fun bir \u015fekilde \u00e7al\u0131\u015f\u0131yoruz. Vatanda\u015flar\u0131m\u0131zdan gelen talepleri, imk\u00e2nlar\u0131m\u0131z d\u00e2hilinde en h\u0131zl\u0131 \u015fekilde \u00e7\u00f6z\u00fcme kavu\u015fturmak bizim en \u00f6nemli g\u00f6revimiz. Bu s\u00fcre\u00e7te bize yard\u0131mc\u0131 olan, mesai arkada\u015flar\u0131m ve \u00e7a\u011fr\u0131 merkezinde g\u00f6rev yapan de\u011ferli \u00e7al\u0131\u015fanlar\u0131m\u0131za, ayr\u0131ca 270 bin vatanda\u015f\u0131m\u0131za hizmet sunan t\u00fcm personelimize te\u015fekk\u00fcr ediyorum.&#8221;<br \/><\/p>\n","protected":false},"excerpt":{"rendered":"<p>Yunusemre Belediye Ba\u015fkan\u0131 Semih Balaban, \u00c7a\u011fr\u0131 Merkezi\u2019nde g\u00f6rev yapan \u00e7al\u0131\u015fanlarla bir araya geldi ard\u0131ndan da merkezi arayan vatanda\u015flarla birebir g\u00f6r\u00fc\u015ft\u00fc. Ba\u015fkan Balaban\u2019\u0131n sesini duyan vatanda\u015flar ise ilk etapta \u015fa\u015f\u0131rd\u0131, ard\u0131ndan taleplerini anlatt\u0131. Yunusemre Belediyesi \u00c7a\u011fr\u0131 Merkezi\u2019nde vatanda\u015flar\u0131n\u0131n daha kaliteli, ula\u015f\u0131labilir hizmet almas\u0131n\u0131 sa\u011flamak i\u00e7in \u00e7al\u0131\u015fan personelini ziyaret eden Yunusemre Belediye Ba\u015fkan\u0131 Semih Balaban, \u00e7a\u011fr\u0131 merkezine&#8230;<\/p>\n","protected":false},"author":1,"featured_media":11140,"comment_status":"open","ping_status":"open","sticky":false,"template":"","format":"standard","meta":{"_crdt_document":"","footnotes":""},"categories":[127],"tags":[],"class_list":["post-11139","post","type-post","status-publish","format-standard","has-post-thumbnail","hentry","category-siyaset"],"_links":{"self":[{"href":"https:\/\/www.egemtv.com\/index.php?rest_route=\/wp\/v2\/posts\/11139","targetHints":{"allow":["GET"]}}],"collection":[{"href":"https:\/\/www.egemtv.com\/index.php?rest_route=\/wp\/v2\/posts"}],"about":[{"href":"https:\/\/www.egemtv.com\/index.php?rest_route=\/wp\/v2\/types\/post"}],"author":[{"embeddable":true,"href":"https:\/\/www.egemtv.com\/index.php?rest_route=\/wp\/v2\/users\/1"}],"replies":[{"embeddable":true,"href":"https:\/\/www.egemtv.com\/index.php?rest_route=%2Fwp%2Fv2%2Fcomments&post=11139"}],"version-history":[{"count":1,"href":"https:\/\/www.egemtv.com\/index.php?rest_route=\/wp\/v2\/posts\/11139\/revisions"}],"predecessor-version":[{"id":11141,"href":"https:\/\/www.egemtv.com\/index.php?rest_route=\/wp\/v2\/posts\/11139\/revisions\/11141"}],"wp:featuredmedia":[{"embeddable":true,"href":"https:\/\/www.egemtv.com\/index.php?rest_route=\/wp\/v2\/media\/11140"}],"wp:attachment":[{"href":"https:\/\/www.egemtv.com\/index.php?rest_route=%2Fwp%2Fv2%2Fmedia&parent=11139"}],"wp:term":[{"taxonomy":"category","embeddable":true,"href":"https:\/\/www.egemtv.com\/index.php?rest_route=%2Fwp%2Fv2%2Fcategories&post=11139"},{"taxonomy":"post_tag","embeddable":true,"href":"https:\/\/www.egemtv.com\/index.php?rest_route=%2Fwp%2Fv2%2Ftags&post=11139"}],"curies":[{"name":"wp","href":"https:\/\/api.w.org\/{rel}","templated":true}]}}