{"id":11136,"date":"2025-01-21T13:01:27","date_gmt":"2025-01-21T10:01:27","guid":{"rendered":"https:\/\/www.egemtv.com\/?p=11136"},"modified":"2025-01-21T13:01:31","modified_gmt":"2025-01-21T10:01:31","slug":"buharkentte-11-ayri-dolandiricilik-sucundan-aranan-sahis-yakalandi","status":"publish","type":"post","link":"https:\/\/www.egemtv.com\/?p=11136","title":{"rendered":"Buharkent\u2019te 11 ayr\u0131 doland\u0131r\u0131c\u0131l\u0131k su\u00e7undan aranan \u015fah\u0131s yakaland\u0131"},"content":{"rendered":"<p>Ayd\u0131n\u2019\u0131n Buharkent il\u00e7esinde 11 ayr\u0131 doland\u0131r\u0131c\u0131l\u0131k su\u00e7undan aranan \u015fah\u0131s jandarma ekipleri taraf\u0131ndan yakaland\u0131.<br \/>\n<br \/>Edinilen bilgiye g\u00f6re, Buharkent \u0130l\u00e7e Jandarma Komutanl\u0131\u011f\u0131 taraf\u0131ndan Buharkent il\u00e7esi Denizli-Ayd\u0131n Karayolunda ger\u00e7ekle\u015ftirilen yol kontrol faaliyetinde, 11 ayr\u0131  \u201cDoland\u0131r\u0131c\u0131l\u0131k\u201d su\u00e7undan aranan ve hakk\u0131nda 35 y\u0131l 5 ay kesinle\u015fmi\u015f hapis cezas\u0131 bulunan T.S isimli \u015fah\u0131s yakaland\u0131. \u015eah\u0131s, adli i\u015flemlerinin ard\u0131ndan Ceza \u0130nfaz Kurumu\u2019na teslim edildi.<br \/><\/p>\n","protected":false},"excerpt":{"rendered":"<p>Ayd\u0131n\u2019\u0131n Buharkent il\u00e7esinde 11 ayr\u0131 doland\u0131r\u0131c\u0131l\u0131k su\u00e7undan aranan \u015fah\u0131s jandarma ekipleri taraf\u0131ndan yakaland\u0131. Edinilen bilgiye g\u00f6re, Buharkent \u0130l\u00e7e Jandarma Komutanl\u0131\u011f\u0131 taraf\u0131ndan Buharkent il\u00e7esi Denizli-Ayd\u0131n Karayolunda ger\u00e7ekle\u015ftirilen yol kontrol faaliyetinde, 11 ayr\u0131 \u201cDoland\u0131r\u0131c\u0131l\u0131k\u201d su\u00e7undan aranan ve hakk\u0131nda 35 y\u0131l 5 ay kesinle\u015fmi\u015f hapis cezas\u0131 bulunan T.S isimli \u015fah\u0131s yakaland\u0131. \u015eah\u0131s, adli i\u015flemlerinin ard\u0131ndan Ceza \u0130nfaz Kurumu\u2019na&#8230;<\/p>\n","protected":false},"author":1,"featured_media":11137,"comment_status":"open","ping_status":"open","sticky":false,"template":"","format":"standard","meta":{"_crdt_document":"","footnotes":""},"categories":[5],"tags":[],"class_list":["post-11136","post","type-post","status-publish","format-standard","has-post-thumbnail","hentry","category-asayis"],"_links":{"self":[{"href":"https:\/\/www.egemtv.com\/index.php?rest_route=\/wp\/v2\/posts\/11136","targetHints":{"allow":["GET"]}}],"collection":[{"href":"https:\/\/www.egemtv.com\/index.php?rest_route=\/wp\/v2\/posts"}],"about":[{"href":"https:\/\/www.egemtv.com\/index.php?rest_route=\/wp\/v2\/types\/post"}],"author":[{"embeddable":true,"href":"https:\/\/www.egemtv.com\/index.php?rest_route=\/wp\/v2\/users\/1"}],"replies":[{"embeddable":true,"href":"https:\/\/www.egemtv.com\/index.php?rest_route=%2Fwp%2Fv2%2Fcomments&post=11136"}],"version-history":[{"count":1,"href":"https:\/\/www.egemtv.com\/index.php?rest_route=\/wp\/v2\/posts\/11136\/revisions"}],"predecessor-version":[{"id":11138,"href":"https:\/\/www.egemtv.com\/index.php?rest_route=\/wp\/v2\/posts\/11136\/revisions\/11138"}],"wp:featuredmedia":[{"embeddable":true,"href":"https:\/\/www.egemtv.com\/index.php?rest_route=\/wp\/v2\/media\/11137"}],"wp:attachment":[{"href":"https:\/\/www.egemtv.com\/index.php?rest_route=%2Fwp%2Fv2%2Fmedia&parent=11136"}],"wp:term":[{"taxonomy":"category","embeddable":true,"href":"https:\/\/www.egemtv.com\/index.php?rest_route=%2Fwp%2Fv2%2Fcategories&post=11136"},{"taxonomy":"post_tag","embeddable":true,"href":"https:\/\/www.egemtv.com\/index.php?rest_route=%2Fwp%2Fv2%2Ftags&post=11136"}],"curies":[{"name":"wp","href":"https:\/\/api.w.org\/{rel}","templated":true}]}}