{"id":11133,"date":"2025-01-21T12:34:06","date_gmt":"2025-01-21T09:34:06","guid":{"rendered":"https:\/\/www.egemtv.com\/?p=11133"},"modified":"2025-01-21T12:34:08","modified_gmt":"2025-01-21T09:34:08","slug":"koycegiz-tazelenme-kampusu-ogrencileri-fotograf-cekme-etkinligi-yapti","status":"publish","type":"post","link":"https:\/\/www.egemtv.com\/?p=11133","title":{"rendered":"K\u00f6yce\u011fiz Tazelenme Kamp\u00fcs\u00fc \u00f6\u011frencileri foto\u011fraf \u00e7ekme etkinli\u011fi yapt\u0131"},"content":{"rendered":"<p>Mu\u011fla\u2019n\u0131n K\u00f6yce\u011fiz il\u00e7esinde Tazelenme \u00dcniversitesi \u00f6\u011frencileri Atat\u00fcrk Kordonu ve \u00e7evrede foto\u011fraf \u00e7ekme etkinli\u011fi ger\u00e7ekle\u015ftirdi.<\/p>\n<p>G\u00f6n\u00fcll\u00fc Foto\u011fraf E\u011fitmeni Ali Emre \u00c7etiner\u2019in rehberli\u011finde ilk yar\u0131 s\u00fcresince al\u0131nan teorik e\u011fitimlerin uygulamas\u0131 amac\u0131yla Atat\u00fcrk Kordonu ve g\u00fcnl\u00fck orman\u0131 \u00e7evresinde foto\u011fraf \u00e7ekme etkinli\u011fi d\u00fczenlendi. Tazelenme \u00dcniversitesi ara tatilde olmas\u0131 nedeniyle K\u00f6yce\u011fiz Kamp\u00fcs\u00fc \u00f6\u011frencileri \u00d6\u011fretmen Evi\u2019nde bulu\u015farak etkinli\u011fi ba\u015flatt\u0131. G\u00fcne\u015fli g\u00fczel havan\u0131n sundu\u011fu f\u0131rsat\u0131 de\u011ferlendiren \u00f6\u011frenciler bol bol foto\u011fraf \u00e7ektiler. \u00d6\u011frenciler \u00e7ektikleri foto\u011fraflar\u0131 Foto\u011fraf E\u011fitmeni \u00c7etiner\u2019e g\u00f6stererek eksik ve hatalar\u0131n\u0131 g\u00f6rme f\u0131rsat\u0131 buldular. En k\u0131sa zamanda etkinli\u011fin K\u00f6yce\u011fiz\u2019in farkl\u0131 bir \u00e7evresinde d\u00fczenlenmesi karar\u0131 al\u0131nd\u0131.<br \/><\/p>\n","protected":false},"excerpt":{"rendered":"<p>Mu\u011fla\u2019n\u0131n K\u00f6yce\u011fiz il\u00e7esinde Tazelenme \u00dcniversitesi \u00f6\u011frencileri Atat\u00fcrk Kordonu ve \u00e7evrede foto\u011fraf \u00e7ekme etkinli\u011fi ger\u00e7ekle\u015ftirdi. G\u00f6n\u00fcll\u00fc Foto\u011fraf E\u011fitmeni Ali Emre \u00c7etiner\u2019in rehberli\u011finde ilk yar\u0131 s\u00fcresince al\u0131nan teorik e\u011fitimlerin uygulamas\u0131 amac\u0131yla Atat\u00fcrk Kordonu ve g\u00fcnl\u00fck orman\u0131 \u00e7evresinde foto\u011fraf \u00e7ekme etkinli\u011fi d\u00fczenlendi. Tazelenme \u00dcniversitesi ara tatilde olmas\u0131 nedeniyle K\u00f6yce\u011fiz Kamp\u00fcs\u00fc \u00f6\u011frencileri \u00d6\u011fretmen Evi\u2019nde bulu\u015farak etkinli\u011fi ba\u015flatt\u0131. G\u00fcne\u015fli g\u00fczel&#8230;<\/p>\n","protected":false},"author":1,"featured_media":11134,"comment_status":"open","ping_status":"open","sticky":false,"template":"","format":"standard","meta":{"_crdt_document":"","footnotes":""},"categories":[1],"tags":[],"class_list":["post-11133","post","type-post","status-publish","format-standard","has-post-thumbnail","hentry","category-guncel"],"_links":{"self":[{"href":"https:\/\/www.egemtv.com\/index.php?rest_route=\/wp\/v2\/posts\/11133","targetHints":{"allow":["GET"]}}],"collection":[{"href":"https:\/\/www.egemtv.com\/index.php?rest_route=\/wp\/v2\/posts"}],"about":[{"href":"https:\/\/www.egemtv.com\/index.php?rest_route=\/wp\/v2\/types\/post"}],"author":[{"embeddable":true,"href":"https:\/\/www.egemtv.com\/index.php?rest_route=\/wp\/v2\/users\/1"}],"replies":[{"embeddable":true,"href":"https:\/\/www.egemtv.com\/index.php?rest_route=%2Fwp%2Fv2%2Fcomments&post=11133"}],"version-history":[{"count":1,"href":"https:\/\/www.egemtv.com\/index.php?rest_route=\/wp\/v2\/posts\/11133\/revisions"}],"predecessor-version":[{"id":11135,"href":"https:\/\/www.egemtv.com\/index.php?rest_route=\/wp\/v2\/posts\/11133\/revisions\/11135"}],"wp:featuredmedia":[{"embeddable":true,"href":"https:\/\/www.egemtv.com\/index.php?rest_route=\/wp\/v2\/media\/11134"}],"wp:attachment":[{"href":"https:\/\/www.egemtv.com\/index.php?rest_route=%2Fwp%2Fv2%2Fmedia&parent=11133"}],"wp:term":[{"taxonomy":"category","embeddable":true,"href":"https:\/\/www.egemtv.com\/index.php?rest_route=%2Fwp%2Fv2%2Fcategories&post=11133"},{"taxonomy":"post_tag","embeddable":true,"href":"https:\/\/www.egemtv.com\/index.php?rest_route=%2Fwp%2Fv2%2Ftags&post=11133"}],"curies":[{"name":"wp","href":"https:\/\/api.w.org\/{rel}","templated":true}]}}