{"id":11130,"date":"2025-01-21T12:34:04","date_gmt":"2025-01-21T09:34:04","guid":{"rendered":"https:\/\/www.egemtv.com\/?p=11130"},"modified":"2025-01-21T12:34:05","modified_gmt":"2025-01-21T09:34:05","slug":"koskte-kamyonun-carptigi-sahis-hayatini-kaybetti","status":"publish","type":"post","link":"https:\/\/www.egemtv.com\/?p=11130","title":{"rendered":"K\u00f6\u015fk\u2019te kamyonun \u00e7arpt\u0131\u011f\u0131 \u015fah\u0131s hayat\u0131n\u0131 kaybetti"},"content":{"rendered":"<p>Ayd\u0131n\u2019\u0131n K\u00f6\u015fk il\u00e7esinde yolun kar\u015f\u0131s\u0131na ge\u00e7mek istedi\u011fi esnada kamyonun \u00e7arpt\u0131\u011f\u0131 Hasan Da\u011fl\u0131, hayat\u0131n\u0131 kaybetti.<\/p>\n<p>Kaza, K\u00f6\u015fk il\u00e7esi Bozova mevkiinde sabah saat 05.00 s\u0131ralar\u0131nda meydana geldi. Edinilen bilgiye g\u00f6re, Ayd\u0131n istikametinden Denizli istikametine do\u011fru ilerleyen B.\u00d6. idaresindeki 48 CAY 24 plakal\u0131 kamyon, yaya olarak kar\u015f\u0131ya ge\u00e7meye \u00e7al\u0131\u015fan Hasan Da\u011fl\u0131\u2019ya \u00e7arpt\u0131. Kazay\u0131 g\u00f6renler durumu 112 Acil \u00c7a\u011fr\u0131 Merkezi\u2019ne bildirdi. \u0130hbar \u00fczerine b\u00f6lgeye jandarma ve sa\u011fl\u0131k ekipleri sevk edildi. K\u0131sa s\u00fcrede olay yerine gelen sa\u011fl\u0131k ekipleri, 49 ya\u015f\u0131ndaki Hasan Da\u011fl\u0131\u2019n\u0131n hayat\u0131n\u0131 kaybetti\u011fini belirledi.<\/p>\n<p>Kazayla ilgili soru\u015fturma ba\u015flat\u0131ld\u0131.<br \/><\/p>\n","protected":false},"excerpt":{"rendered":"<p>Ayd\u0131n\u2019\u0131n K\u00f6\u015fk il\u00e7esinde yolun kar\u015f\u0131s\u0131na ge\u00e7mek istedi\u011fi esnada kamyonun \u00e7arpt\u0131\u011f\u0131 Hasan Da\u011fl\u0131, hayat\u0131n\u0131 kaybetti. Kaza, K\u00f6\u015fk il\u00e7esi Bozova mevkiinde sabah saat 05.00 s\u0131ralar\u0131nda meydana geldi. Edinilen bilgiye g\u00f6re, Ayd\u0131n istikametinden Denizli istikametine do\u011fru ilerleyen B.\u00d6. idaresindeki 48 CAY 24 plakal\u0131 kamyon, yaya olarak kar\u015f\u0131ya ge\u00e7meye \u00e7al\u0131\u015fan Hasan Da\u011fl\u0131\u2019ya \u00e7arpt\u0131. Kazay\u0131 g\u00f6renler durumu 112 Acil \u00c7a\u011fr\u0131&#8230;<\/p>\n","protected":false},"author":1,"featured_media":11131,"comment_status":"open","ping_status":"open","sticky":false,"template":"","format":"standard","meta":{"_crdt_document":"","footnotes":""},"categories":[5],"tags":[],"class_list":["post-11130","post","type-post","status-publish","format-standard","has-post-thumbnail","hentry","category-asayis"],"_links":{"self":[{"href":"https:\/\/www.egemtv.com\/index.php?rest_route=\/wp\/v2\/posts\/11130","targetHints":{"allow":["GET"]}}],"collection":[{"href":"https:\/\/www.egemtv.com\/index.php?rest_route=\/wp\/v2\/posts"}],"about":[{"href":"https:\/\/www.egemtv.com\/index.php?rest_route=\/wp\/v2\/types\/post"}],"author":[{"embeddable":true,"href":"https:\/\/www.egemtv.com\/index.php?rest_route=\/wp\/v2\/users\/1"}],"replies":[{"embeddable":true,"href":"https:\/\/www.egemtv.com\/index.php?rest_route=%2Fwp%2Fv2%2Fcomments&post=11130"}],"version-history":[{"count":1,"href":"https:\/\/www.egemtv.com\/index.php?rest_route=\/wp\/v2\/posts\/11130\/revisions"}],"predecessor-version":[{"id":11132,"href":"https:\/\/www.egemtv.com\/index.php?rest_route=\/wp\/v2\/posts\/11130\/revisions\/11132"}],"wp:featuredmedia":[{"embeddable":true,"href":"https:\/\/www.egemtv.com\/index.php?rest_route=\/wp\/v2\/media\/11131"}],"wp:attachment":[{"href":"https:\/\/www.egemtv.com\/index.php?rest_route=%2Fwp%2Fv2%2Fmedia&parent=11130"}],"wp:term":[{"taxonomy":"category","embeddable":true,"href":"https:\/\/www.egemtv.com\/index.php?rest_route=%2Fwp%2Fv2%2Fcategories&post=11130"},{"taxonomy":"post_tag","embeddable":true,"href":"https:\/\/www.egemtv.com\/index.php?rest_route=%2Fwp%2Fv2%2Ftags&post=11130"}],"curies":[{"name":"wp","href":"https:\/\/api.w.org\/{rel}","templated":true}]}}