{"id":11127,"date":"2025-01-21T12:32:43","date_gmt":"2025-01-21T09:32:43","guid":{"rendered":"https:\/\/www.egemtv.com\/?p=11127"},"modified":"2025-01-21T12:32:45","modified_gmt":"2025-01-21T09:32:45","slug":"kutahya-orman-bolge-muduru-erdal-dingil-hedefimiz-egitimlerle-insan-ve-hizmet-kalitemizi-yukseltmek","status":"publish","type":"post","link":"https:\/\/www.egemtv.com\/?p=11127","title":{"rendered":"K\u00fctahya Orman B\u00f6lge M\u00fcd\u00fcr\u00fc Erdal Dingil, \u201cHedefimiz e\u011fitimlerle insan ve hizmet kalitemizi y\u00fckseltmek\u201d"},"content":{"rendered":"<p>K\u00fctahya Orman B\u00f6lge M\u00fcd\u00fcrl\u00fc\u011f\u00fc taraf\u0131ndan kurum \u00e7al\u0131\u015fanlar\u0131na, kalite standartlar\u0131n iyile\u015ftirilmesi, m\u00fc\u015fterilerden gelen \u015fikayetlerin en aza indirilmesi i\u00e7in dikkat edilecek hususlar ve teknik konularda e\u011fitim verildi.<br \/>\n<br \/>Orman B\u00f6lge M\u00fcd\u00fcr\u00fc Erdal Dingil\u2019in kat\u0131l\u0131mlar\u0131 ile \u0130\u015fletme ve Pazarlama \u015eube M\u00fcd\u00fcrl\u00fc\u011f\u00fc ve Orman \u0130daresi ve Planlama \u015eube M\u00fcd\u00fcrl\u00fc\u011f\u00fc taraf\u0131ndan B\u00f6lge M\u00fcd\u00fcr Yard\u0131mc\u0131s\u0131 Sava\u015f \u00dcnle koordinat\u00f6rl\u00fc\u011f\u00fcnde \u015eube M\u00fcd\u00fcrleri, M\u00fckremin U\u00e7arc\u0131, A. R\u0131za Erdem ve \u015eube M\u00fchendisi \u00c7i\u011fdem Kavcin taraf\u0131ndan verilen e\u011fitime 7 Orman \u0130\u015fletme M\u00fcd\u00fcrl\u00fc\u011f\u00fc \u00e7al\u0131\u015fanlar\u0131 kat\u0131ld\u0131. E\u011fitimlerde kalite standartlar\u0131n iyile\u015ftirilmesi ve m\u00fc\u015fterilerden gelen \u015fik\u00e2yetlerin en aza indirilmesi i\u00e7in dikkat edilecek hususlar ve teknik konulara a\u011f\u0131rl\u0131k verildi.<br \/>\n<br \/>Kalitenin yolunun e\u011fitimden ge\u00e7ti\u011fini s\u00f6yleyen Orman B\u00f6lge M\u00fcd\u00fcr\u00fc Erdal Dingil,\u201d Hedefimiz e\u011fitimlerle insan ve hizmet kalitemizi y\u00fckseltmek\u201d dedi.<br \/><\/p>\n","protected":false},"excerpt":{"rendered":"<p>K\u00fctahya Orman B\u00f6lge M\u00fcd\u00fcrl\u00fc\u011f\u00fc taraf\u0131ndan kurum \u00e7al\u0131\u015fanlar\u0131na, kalite standartlar\u0131n iyile\u015ftirilmesi, m\u00fc\u015fterilerden gelen \u015fikayetlerin en aza indirilmesi i\u00e7in dikkat edilecek hususlar ve teknik konularda e\u011fitim verildi. Orman B\u00f6lge M\u00fcd\u00fcr\u00fc Erdal Dingil\u2019in kat\u0131l\u0131mlar\u0131 ile \u0130\u015fletme ve Pazarlama \u015eube M\u00fcd\u00fcrl\u00fc\u011f\u00fc ve Orman \u0130daresi ve Planlama \u015eube M\u00fcd\u00fcrl\u00fc\u011f\u00fc taraf\u0131ndan B\u00f6lge M\u00fcd\u00fcr Yard\u0131mc\u0131s\u0131 Sava\u015f \u00dcnle koordinat\u00f6rl\u00fc\u011f\u00fcnde \u015eube M\u00fcd\u00fcrleri, M\u00fckremin U\u00e7arc\u0131,&#8230;<\/p>\n","protected":false},"author":1,"featured_media":11128,"comment_status":"open","ping_status":"open","sticky":false,"template":"","format":"standard","meta":{"_crdt_document":"","footnotes":""},"categories":[1],"tags":[],"class_list":["post-11127","post","type-post","status-publish","format-standard","has-post-thumbnail","hentry","category-guncel"],"_links":{"self":[{"href":"https:\/\/www.egemtv.com\/index.php?rest_route=\/wp\/v2\/posts\/11127","targetHints":{"allow":["GET"]}}],"collection":[{"href":"https:\/\/www.egemtv.com\/index.php?rest_route=\/wp\/v2\/posts"}],"about":[{"href":"https:\/\/www.egemtv.com\/index.php?rest_route=\/wp\/v2\/types\/post"}],"author":[{"embeddable":true,"href":"https:\/\/www.egemtv.com\/index.php?rest_route=\/wp\/v2\/users\/1"}],"replies":[{"embeddable":true,"href":"https:\/\/www.egemtv.com\/index.php?rest_route=%2Fwp%2Fv2%2Fcomments&post=11127"}],"version-history":[{"count":1,"href":"https:\/\/www.egemtv.com\/index.php?rest_route=\/wp\/v2\/posts\/11127\/revisions"}],"predecessor-version":[{"id":11129,"href":"https:\/\/www.egemtv.com\/index.php?rest_route=\/wp\/v2\/posts\/11127\/revisions\/11129"}],"wp:featuredmedia":[{"embeddable":true,"href":"https:\/\/www.egemtv.com\/index.php?rest_route=\/wp\/v2\/media\/11128"}],"wp:attachment":[{"href":"https:\/\/www.egemtv.com\/index.php?rest_route=%2Fwp%2Fv2%2Fmedia&parent=11127"}],"wp:term":[{"taxonomy":"category","embeddable":true,"href":"https:\/\/www.egemtv.com\/index.php?rest_route=%2Fwp%2Fv2%2Fcategories&post=11127"},{"taxonomy":"post_tag","embeddable":true,"href":"https:\/\/www.egemtv.com\/index.php?rest_route=%2Fwp%2Fv2%2Ftags&post=11127"}],"curies":[{"name":"wp","href":"https:\/\/api.w.org\/{rel}","templated":true}]}}