{"id":11124,"date":"2025-01-21T12:21:50","date_gmt":"2025-01-21T09:21:50","guid":{"rendered":"https:\/\/www.egemtv.com\/?p=11124"},"modified":"2025-01-21T12:21:52","modified_gmt":"2025-01-21T09:21:52","slug":"karsiyaka-basketbolda-2-oyuncu-daha-gidiyor","status":"publish","type":"post","link":"https:\/\/www.egemtv.com\/?p=11124","title":{"rendered":"Kar\u015f\u0131yaka Basketbol\u2019da 2 oyuncu daha gidiyor"},"content":{"rendered":"<p>Kar\u015f\u0131yaka Basketbol\u2019da Daron Russell ve Muhsin Ya\u015far\u2019\u0131n da tak\u0131mdan ayr\u0131laca\u011f\u0131 \u00f6\u011frenildi.<br \/>\n<br \/>Basketbol S\u00fcper Ligi ekiplerinden Kar\u015f\u0131yaka\u2019da ekonomik problemlerden dolay\u0131 sular durulmuyor. Ge\u00e7ti\u011fimiz haftalarda \u00f6deme yapamad\u0131\u011f\u0131 i\u00e7in Jefferson, Errick McCollum, James Webb, Jerry Boutsiele ve Kenan Sipahi gibi \u00f6nemli basketbolculara veda etmek zorunda kalan ye\u015fil-k\u0131rm\u0131z\u0131l\u0131larda son olarak da Ba\u015fantren\u00f6r Ufuk Sar\u0131ca g\u00f6revinden ayr\u0131lm\u0131\u015ft\u0131. Bu s\u00fcre\u00e7te Avrupa\u2019ya veda etmek zorunda kalan \u0130zmir ekibi, ligde de son 4 ma\u00e7\u0131n\u0131 kaybederek d\u00fc\u015f\u00fc\u015fe ge\u00e7ti. Kadroda rotasyon olu\u015fturmakta zorlanan ye\u015fil-k\u0131rm\u0131z\u0131l\u0131lar, yeni bir yap\u0131lanma i\u00e7in harekete ge\u00e7se de, FIBA\u2019dan gelen transfer yasa\u011f\u0131yla takviye de ger\u00e7ekle\u015ftiremedi. Zor g\u00fcnler ge\u00e7iren Kar\u015f\u0131yaka\u2019ya iki oyuncusundan daha k\u00f6t\u00fc haber geldi. Barcelona\u2019ya transfer olmas\u0131 beklenen Daron Russell, Tofa\u015f ma\u00e7\u0131nda kadroda yer almazken ve m\u00fccadeleyi trib\u00fcnde izledi. Resmi a\u00e7\u0131klaman\u0131n k\u0131sa bir s\u00fcre i\u00e7erisinde olaca\u011f\u0131 bildirildi. Tak\u0131mdan ayr\u0131lmas\u0131 beklenen son oyuncunun ise Muhsin Ya\u015far olaca\u011f\u0131 belirtildi. Bursaspor\u2019la anla\u015ft\u0131\u011f\u0131 \u00f6\u011frenilen pivot oyuncusunun hafta sonu oynanan Tofa\u015f ma\u00e7\u0131yla birlikte ye\u015fil-k\u0131rm\u0131z\u0131l\u0131 formay\u0131 son kez giydi\u011fi ifade edildi.<br \/>\n<br \/>B\u00f6ylece Kar\u015f\u0131yaka\u2019da Ba\u015fantren\u00f6r Ufuk Sar\u0131ca\u2019n\u0131n yan\u0131 s\u0131ra k\u0131sa bir s\u00fcre i\u00e7erisinde 7 oyuncu ile yollar\u0131n\u0131 ay\u0131rm\u0131\u015f olacak.<br \/><\/p>\n","protected":false},"excerpt":{"rendered":"<p>Kar\u015f\u0131yaka Basketbol\u2019da Daron Russell ve Muhsin Ya\u015far\u2019\u0131n da tak\u0131mdan ayr\u0131laca\u011f\u0131 \u00f6\u011frenildi. Basketbol S\u00fcper Ligi ekiplerinden Kar\u015f\u0131yaka\u2019da ekonomik problemlerden dolay\u0131 sular durulmuyor. Ge\u00e7ti\u011fimiz haftalarda \u00f6deme yapamad\u0131\u011f\u0131 i\u00e7in Jefferson, Errick McCollum, James Webb, Jerry Boutsiele ve Kenan Sipahi gibi \u00f6nemli basketbolculara veda etmek zorunda kalan ye\u015fil-k\u0131rm\u0131z\u0131l\u0131larda son olarak da Ba\u015fantren\u00f6r Ufuk Sar\u0131ca g\u00f6revinden ayr\u0131lm\u0131\u015ft\u0131. Bu s\u00fcre\u00e7te Avrupa\u2019ya&#8230;<\/p>\n","protected":false},"author":1,"featured_media":11125,"comment_status":"open","ping_status":"open","sticky":false,"template":"","format":"standard","meta":{"_crdt_document":"","footnotes":""},"categories":[4],"tags":[],"class_list":["post-11124","post","type-post","status-publish","format-standard","has-post-thumbnail","hentry","category-spor"],"_links":{"self":[{"href":"https:\/\/www.egemtv.com\/index.php?rest_route=\/wp\/v2\/posts\/11124","targetHints":{"allow":["GET"]}}],"collection":[{"href":"https:\/\/www.egemtv.com\/index.php?rest_route=\/wp\/v2\/posts"}],"about":[{"href":"https:\/\/www.egemtv.com\/index.php?rest_route=\/wp\/v2\/types\/post"}],"author":[{"embeddable":true,"href":"https:\/\/www.egemtv.com\/index.php?rest_route=\/wp\/v2\/users\/1"}],"replies":[{"embeddable":true,"href":"https:\/\/www.egemtv.com\/index.php?rest_route=%2Fwp%2Fv2%2Fcomments&post=11124"}],"version-history":[{"count":1,"href":"https:\/\/www.egemtv.com\/index.php?rest_route=\/wp\/v2\/posts\/11124\/revisions"}],"predecessor-version":[{"id":11126,"href":"https:\/\/www.egemtv.com\/index.php?rest_route=\/wp\/v2\/posts\/11124\/revisions\/11126"}],"wp:featuredmedia":[{"embeddable":true,"href":"https:\/\/www.egemtv.com\/index.php?rest_route=\/wp\/v2\/media\/11125"}],"wp:attachment":[{"href":"https:\/\/www.egemtv.com\/index.php?rest_route=%2Fwp%2Fv2%2Fmedia&parent=11124"}],"wp:term":[{"taxonomy":"category","embeddable":true,"href":"https:\/\/www.egemtv.com\/index.php?rest_route=%2Fwp%2Fv2%2Fcategories&post=11124"},{"taxonomy":"post_tag","embeddable":true,"href":"https:\/\/www.egemtv.com\/index.php?rest_route=%2Fwp%2Fv2%2Ftags&post=11124"}],"curies":[{"name":"wp","href":"https:\/\/api.w.org\/{rel}","templated":true}]}}