{"id":11121,"date":"2025-01-21T12:19:05","date_gmt":"2025-01-21T09:19:05","guid":{"rendered":"https:\/\/www.egemtv.com\/?p=11121"},"modified":"2025-01-21T12:19:06","modified_gmt":"2025-01-21T09:19:06","slug":"muglanin-yoresel-urunler-satis-magazasi-yenilenen-yuzuyle-acildi","status":"publish","type":"post","link":"https:\/\/www.egemtv.com\/?p=11121","title":{"rendered":"Mu\u011fla\u2019n\u0131n y\u00f6resel \u00fcr\u00fcnler sat\u0131\u015f ma\u011fazas\u0131 yenilenen y\u00fcz\u00fcyle a\u00e7\u0131ld\u0131"},"content":{"rendered":"<p>Mu\u011fla B\u00fcy\u00fck\u015fehir Belediyesi taraf\u0131ndan i\u015fletilen MELSA Y\u00f6resel \u00dcr\u00fcnler Sat\u0131\u015f Ma\u011fazas\u0131, yenilenen y\u00fcz\u00fcyle d\u00fczenlenen t\u00f6renle kap\u0131lar\u0131n\u0131 a\u00e7t\u0131.<\/p>\n<p>Ma\u011fazada, Mu\u011fla\u2019n\u0131n \u00e7e\u015fitli y\u00f6relerine ait do\u011fal ve organik \u00fcr\u00fcnler t\u00fcketiciyle bulu\u015fturulurken, kooperatiflerin desteklenmesiyle yerel kalk\u0131nmaya katk\u0131 sa\u011flanmas\u0131 hedefleniyor. A\u00e7\u0131l\u0131\u015fa kat\u0131lan vatanda\u015flar, yenilenen ma\u011fazay\u0131 gezerek \u00fcr\u00fcnler hakk\u0131nda bilgi ald\u0131. Mente\u015fe \u0130\u015f Merkezi\u2019nde ger\u00e7ekle\u015ftirilen a\u00e7\u0131l\u0131\u015f t\u00f6renine Mu\u011fla B\u00fcy\u00fck\u015fehir Belediye Ba\u015fkan\u0131 Ahmet Aras, Mente\u015fe Belediye Ba\u015fkan\u0131 Gonca K\u00f6ksal, Yata\u011fan Belediye Ba\u015fkan\u0131 Mesut G\u00fcnay, kooperatif ba\u015fkanlar\u0131 ve \u00e7ok say\u0131da vatanda\u015f kat\u0131ld\u0131.<br \/><\/p>\n","protected":false},"excerpt":{"rendered":"<p>Mu\u011fla B\u00fcy\u00fck\u015fehir Belediyesi taraf\u0131ndan i\u015fletilen MELSA Y\u00f6resel \u00dcr\u00fcnler Sat\u0131\u015f Ma\u011fazas\u0131, yenilenen y\u00fcz\u00fcyle d\u00fczenlenen t\u00f6renle kap\u0131lar\u0131n\u0131 a\u00e7t\u0131. Ma\u011fazada, Mu\u011fla\u2019n\u0131n \u00e7e\u015fitli y\u00f6relerine ait do\u011fal ve organik \u00fcr\u00fcnler t\u00fcketiciyle bulu\u015fturulurken, kooperatiflerin desteklenmesiyle yerel kalk\u0131nmaya katk\u0131 sa\u011flanmas\u0131 hedefleniyor. A\u00e7\u0131l\u0131\u015fa kat\u0131lan vatanda\u015flar, yenilenen ma\u011fazay\u0131 gezerek \u00fcr\u00fcnler hakk\u0131nda bilgi ald\u0131. Mente\u015fe \u0130\u015f Merkezi\u2019nde ger\u00e7ekle\u015ftirilen a\u00e7\u0131l\u0131\u015f t\u00f6renine Mu\u011fla B\u00fcy\u00fck\u015fehir Belediye Ba\u015fkan\u0131 Ahmet&#8230;<\/p>\n","protected":false},"author":1,"featured_media":11122,"comment_status":"open","ping_status":"open","sticky":false,"template":"","format":"standard","meta":{"_crdt_document":"","footnotes":""},"categories":[1],"tags":[],"class_list":["post-11121","post","type-post","status-publish","format-standard","has-post-thumbnail","hentry","category-guncel"],"_links":{"self":[{"href":"https:\/\/www.egemtv.com\/index.php?rest_route=\/wp\/v2\/posts\/11121","targetHints":{"allow":["GET"]}}],"collection":[{"href":"https:\/\/www.egemtv.com\/index.php?rest_route=\/wp\/v2\/posts"}],"about":[{"href":"https:\/\/www.egemtv.com\/index.php?rest_route=\/wp\/v2\/types\/post"}],"author":[{"embeddable":true,"href":"https:\/\/www.egemtv.com\/index.php?rest_route=\/wp\/v2\/users\/1"}],"replies":[{"embeddable":true,"href":"https:\/\/www.egemtv.com\/index.php?rest_route=%2Fwp%2Fv2%2Fcomments&post=11121"}],"version-history":[{"count":1,"href":"https:\/\/www.egemtv.com\/index.php?rest_route=\/wp\/v2\/posts\/11121\/revisions"}],"predecessor-version":[{"id":11123,"href":"https:\/\/www.egemtv.com\/index.php?rest_route=\/wp\/v2\/posts\/11121\/revisions\/11123"}],"wp:featuredmedia":[{"embeddable":true,"href":"https:\/\/www.egemtv.com\/index.php?rest_route=\/wp\/v2\/media\/11122"}],"wp:attachment":[{"href":"https:\/\/www.egemtv.com\/index.php?rest_route=%2Fwp%2Fv2%2Fmedia&parent=11121"}],"wp:term":[{"taxonomy":"category","embeddable":true,"href":"https:\/\/www.egemtv.com\/index.php?rest_route=%2Fwp%2Fv2%2Fcategories&post=11121"},{"taxonomy":"post_tag","embeddable":true,"href":"https:\/\/www.egemtv.com\/index.php?rest_route=%2Fwp%2Fv2%2Ftags&post=11121"}],"curies":[{"name":"wp","href":"https:\/\/api.w.org\/{rel}","templated":true}]}}