{"id":11118,"date":"2025-01-21T12:14:08","date_gmt":"2025-01-21T09:14:08","guid":{"rendered":"https:\/\/www.egemtv.com\/?p=11118"},"modified":"2025-01-21T12:14:10","modified_gmt":"2025-01-21T09:14:10","slug":"simdi-ne-olacak-oyunu-efelerde-sahnelenecek","status":"publish","type":"post","link":"https:\/\/www.egemtv.com\/?p=11118","title":{"rendered":"\u2019\u015eimdi Ne Olacak\u2019 oyunu Efeler\u2019de sahnelenecek"},"content":{"rendered":"<p>Ayd\u0131n B\u00fcy\u00fck\u015fehir Belediyesi \u015eehir Tiyatrolar\u0131 ekibi taraf\u0131ndan kad\u0131na y\u00f6nelik \u015fiddeti trajikomik bir dille ele alan &#8220;\u015eimdi Ne Olacak?&#8221; isimli tek perdelik tiyatro oyununu bu ak\u015fam Efeler\u2019de sahnelenecek.<\/p>\n<p>Vatanda\u015flar\u0131n severek takip etti\u011fi Ayd\u0131n B\u00fcy\u00fck\u015fehir Belediyesi \u015eehir Tiyatrolar\u0131, yeni sezonda g\u00f6sterilerini il\u00e7elerde ya\u015fayan vatanda\u015flarla bulu\u015fturmaya devam ediyor. B\u00fcy\u00fck\u015fehir Belediyesi \u015eehir Tiyatrolar\u0131\u2019n\u0131n sevilen oyunlar\u0131ndan olan ve kad\u0131na kar\u015f\u0131 \u015fiddete trajikomik bir \u015fekilde dikkat \u00e7eken oyun da 21 Ocak Sal\u0131 g\u00fcn\u00fc saat 20.00\u2019da \u015e\u00fckran G\u00fcng\u00f6r-Y\u0131ld\u0131z Kenter K\u00fclt\u00fcr Merkezi ve Tiyatro Salonu\u2019nda sanatseverlerle bulu\u015facak.<\/p>\n<p>Yunus Emre G\u00fcm\u00fc\u015f taraf\u0131ndan kaleme al\u0131nan ve Murat Uysal taraf\u0131ndan y\u00f6netilen \u2019\u015eimdi Ne Olacak?\u2019 tiyatro oyununa t\u00fcm Ayd\u0131nl\u0131lar\u0131 davet eden Ayd\u0131n B\u00fcy\u00fck\u015fehir Belediye Ba\u015fkan\u0131 \u00d6zlem \u00c7er\u00e7io\u011flu, sevilen tiyatro oyunlar\u0131n\u0131 vatanda\u015flarla bulu\u015fturmaya devam edeceklerini belirtti.<br \/><\/p>\n","protected":false},"excerpt":{"rendered":"<p>Ayd\u0131n B\u00fcy\u00fck\u015fehir Belediyesi \u015eehir Tiyatrolar\u0131 ekibi taraf\u0131ndan kad\u0131na y\u00f6nelik \u015fiddeti trajikomik bir dille ele alan &#8220;\u015eimdi Ne Olacak?&#8221; isimli tek perdelik tiyatro oyununu bu ak\u015fam Efeler\u2019de sahnelenecek. Vatanda\u015flar\u0131n severek takip etti\u011fi Ayd\u0131n B\u00fcy\u00fck\u015fehir Belediyesi \u015eehir Tiyatrolar\u0131, yeni sezonda g\u00f6sterilerini il\u00e7elerde ya\u015fayan vatanda\u015flarla bulu\u015fturmaya devam ediyor. B\u00fcy\u00fck\u015fehir Belediyesi \u015eehir Tiyatrolar\u0131\u2019n\u0131n sevilen oyunlar\u0131ndan olan ve kad\u0131na kar\u015f\u0131&#8230;<\/p>\n","protected":false},"author":1,"featured_media":11119,"comment_status":"open","ping_status":"open","sticky":false,"template":"","format":"standard","meta":{"_crdt_document":"","footnotes":""},"categories":[1],"tags":[],"class_list":["post-11118","post","type-post","status-publish","format-standard","has-post-thumbnail","hentry","category-guncel"],"_links":{"self":[{"href":"https:\/\/www.egemtv.com\/index.php?rest_route=\/wp\/v2\/posts\/11118","targetHints":{"allow":["GET"]}}],"collection":[{"href":"https:\/\/www.egemtv.com\/index.php?rest_route=\/wp\/v2\/posts"}],"about":[{"href":"https:\/\/www.egemtv.com\/index.php?rest_route=\/wp\/v2\/types\/post"}],"author":[{"embeddable":true,"href":"https:\/\/www.egemtv.com\/index.php?rest_route=\/wp\/v2\/users\/1"}],"replies":[{"embeddable":true,"href":"https:\/\/www.egemtv.com\/index.php?rest_route=%2Fwp%2Fv2%2Fcomments&post=11118"}],"version-history":[{"count":1,"href":"https:\/\/www.egemtv.com\/index.php?rest_route=\/wp\/v2\/posts\/11118\/revisions"}],"predecessor-version":[{"id":11120,"href":"https:\/\/www.egemtv.com\/index.php?rest_route=\/wp\/v2\/posts\/11118\/revisions\/11120"}],"wp:featuredmedia":[{"embeddable":true,"href":"https:\/\/www.egemtv.com\/index.php?rest_route=\/wp\/v2\/media\/11119"}],"wp:attachment":[{"href":"https:\/\/www.egemtv.com\/index.php?rest_route=%2Fwp%2Fv2%2Fmedia&parent=11118"}],"wp:term":[{"taxonomy":"category","embeddable":true,"href":"https:\/\/www.egemtv.com\/index.php?rest_route=%2Fwp%2Fv2%2Fcategories&post=11118"},{"taxonomy":"post_tag","embeddable":true,"href":"https:\/\/www.egemtv.com\/index.php?rest_route=%2Fwp%2Fv2%2Ftags&post=11118"}],"curies":[{"name":"wp","href":"https:\/\/api.w.org\/{rel}","templated":true}]}}