{"id":11115,"date":"2025-01-21T12:14:06","date_gmt":"2025-01-21T09:14:06","guid":{"rendered":"https:\/\/www.egemtv.com\/?p=11115"},"modified":"2025-01-21T12:14:08","modified_gmt":"2025-01-21T09:14:08","slug":"selcukta-belediye-isletmelerinde-ogrencilere-ve-emeklilere-indirim","status":"publish","type":"post","link":"https:\/\/www.egemtv.com\/?p=11115","title":{"rendered":"Sel\u00e7uk\u2019ta belediye i\u015fletmelerinde \u00f6\u011frencilere ve emeklilere indirim"},"content":{"rendered":"<p>Sel\u00e7uk Belediyesi, yar\u0131y\u0131l tatiline giren \u00f6\u011frenciler i\u00e7in Ferahl\u0131 Kafe\u2019de y\u00fczde 20 indirim uygulayacak. Bir di\u011fer belediye i\u015fletmesi olan Carpouza Cafe\u2019de emekli vatanda\u015flara y\u00f6nelik alkol hari\u00e7 di\u011fer \u00fcr\u00fcnlerde y\u00fczde 20 indirim uygulanacak.<br \/>\n<br \/>Farkl\u0131 d\u00f6nemlerde i\u015fletmelerinde indirim uygulayan Sel\u00e7uk Belediyesi yar\u0131y\u0131l tatilinin ba\u015flamas\u0131 ile \u00f6\u011frencilerin sosyal hayata daha fazla dahil olmas\u0131 i\u00e7in Ferahl\u0131 Kafe\u2019de alkol hari\u00e7 di\u011fer \u00fcr\u00fcnlerde y\u00fczde 20 indirim uygulamas\u0131 ba\u015flatt\u0131. Yar\u0131y\u0131l tatili s\u00fcresince ge\u00e7erli olacak indirimden \u00f6\u011frenciler yararlanacak. Ferahl\u0131 Kafe\u2019de daha \u00f6nce emekli vatanda\u015flar i\u00e7in uygulanan indirim Carpouza Cafe\u2019de devam edecek.<br \/>\n<br \/>Zorla\u015fan ekonomik \u015fartlar kar\u015f\u0131s\u0131nda al\u0131m g\u00fcc\u00fc en \u00e7ok d\u00fc\u015fen kesimler aras\u0131nda yer alan emekliler ve \u00f6\u011frenciler i\u00e7in ba\u015flat\u0131lan uygulamalar memnuniyetle kar\u015f\u0131land\u0131. Sel\u00e7uk Belediye Ba\u015fkan\u0131 Filiz Cerito\u011flu Sengel, sosyal belediyecili\u011fin ihtiya\u00e7 sahibi vatanda\u015flara destek olman\u0131n \u00f6tesinde bir kentte ya\u015fayan t\u00fcm yurtta\u015flar\u0131 kapsayan bir kavram oldu\u011funu belirterek; \u201cBelediye i\u015fletmelerimizden emeklilerimizin ve \u00f6\u011frencilerimizin daha avantajl\u0131 bir \u015fekilde yararlanmas\u0131n\u0131 istiyoruz. \u015eimdi yar\u0131y\u0131l tatili de gelmi\u015fken \u00f6\u011frencilerimize k\u00fc\u00e7\u00fck bir indirim yapal\u0131m dedik. Ferahl\u0131 Kafe\u2019de \u00f6\u011frencilerimize yar\u0131y\u0131l tatili boyunca y\u00fczde 20 indirim uygulamaya karar verdik. Di\u011fer yandan Carpouza Cafe\u2019de emekli vatanda\u015flar\u0131m\u0131z i\u00e7in y\u00fczde 20 indirim uygulamas\u0131 ba\u015flatt\u0131k. Diliyoruz ki; \u00f6\u011frencilerimiz g\u00fczel bir tatil ge\u00e7irir, emeklilerimize de yeni bir sosyalle\u015fme olana\u011f\u0131 sa\u011flan\u0131r\u0131z\u201d dedi.<br \/><\/p>\n","protected":false},"excerpt":{"rendered":"<p>Sel\u00e7uk Belediyesi, yar\u0131y\u0131l tatiline giren \u00f6\u011frenciler i\u00e7in Ferahl\u0131 Kafe\u2019de y\u00fczde 20 indirim uygulayacak. Bir di\u011fer belediye i\u015fletmesi olan Carpouza Cafe\u2019de emekli vatanda\u015flara y\u00f6nelik alkol hari\u00e7 di\u011fer \u00fcr\u00fcnlerde y\u00fczde 20 indirim uygulanacak. Farkl\u0131 d\u00f6nemlerde i\u015fletmelerinde indirim uygulayan Sel\u00e7uk Belediyesi yar\u0131y\u0131l tatilinin ba\u015flamas\u0131 ile \u00f6\u011frencilerin sosyal hayata daha fazla dahil olmas\u0131 i\u00e7in Ferahl\u0131 Kafe\u2019de alkol hari\u00e7 di\u011fer&#8230;<\/p>\n","protected":false},"author":1,"featured_media":11116,"comment_status":"open","ping_status":"open","sticky":false,"template":"","format":"standard","meta":{"_crdt_document":"","footnotes":""},"categories":[1],"tags":[],"class_list":["post-11115","post","type-post","status-publish","format-standard","has-post-thumbnail","hentry","category-guncel"],"_links":{"self":[{"href":"https:\/\/www.egemtv.com\/index.php?rest_route=\/wp\/v2\/posts\/11115","targetHints":{"allow":["GET"]}}],"collection":[{"href":"https:\/\/www.egemtv.com\/index.php?rest_route=\/wp\/v2\/posts"}],"about":[{"href":"https:\/\/www.egemtv.com\/index.php?rest_route=\/wp\/v2\/types\/post"}],"author":[{"embeddable":true,"href":"https:\/\/www.egemtv.com\/index.php?rest_route=\/wp\/v2\/users\/1"}],"replies":[{"embeddable":true,"href":"https:\/\/www.egemtv.com\/index.php?rest_route=%2Fwp%2Fv2%2Fcomments&post=11115"}],"version-history":[{"count":1,"href":"https:\/\/www.egemtv.com\/index.php?rest_route=\/wp\/v2\/posts\/11115\/revisions"}],"predecessor-version":[{"id":11117,"href":"https:\/\/www.egemtv.com\/index.php?rest_route=\/wp\/v2\/posts\/11115\/revisions\/11117"}],"wp:featuredmedia":[{"embeddable":true,"href":"https:\/\/www.egemtv.com\/index.php?rest_route=\/wp\/v2\/media\/11116"}],"wp:attachment":[{"href":"https:\/\/www.egemtv.com\/index.php?rest_route=%2Fwp%2Fv2%2Fmedia&parent=11115"}],"wp:term":[{"taxonomy":"category","embeddable":true,"href":"https:\/\/www.egemtv.com\/index.php?rest_route=%2Fwp%2Fv2%2Fcategories&post=11115"},{"taxonomy":"post_tag","embeddable":true,"href":"https:\/\/www.egemtv.com\/index.php?rest_route=%2Fwp%2Fv2%2Ftags&post=11115"}],"curies":[{"name":"wp","href":"https:\/\/api.w.org\/{rel}","templated":true}]}}