{"id":11112,"date":"2025-01-21T12:12:35","date_gmt":"2025-01-21T09:12:35","guid":{"rendered":"https:\/\/www.egemtv.com\/?p=11112"},"modified":"2025-01-21T12:12:37","modified_gmt":"2025-01-21T09:12:37","slug":"muglada-yeni-yonetmelikle-ilk-direksiyon-sinavi-yapildi","status":"publish","type":"post","link":"https:\/\/www.egemtv.com\/?p=11112","title":{"rendered":"Mu\u011fla\u2019da yeni y\u00f6netmelikle ilk direksiyon s\u0131nav\u0131 yap\u0131ld\u0131"},"content":{"rendered":"<p>Mu\u011fla \u0130l Mill\u00ee E\u011fitim M\u00fcd\u00fcr\u00fc Emre \u00c7ay, il\u00e7ede ger\u00e7ekle\u015ftirilen Motorlu Ta\u015f\u0131tlar S\u00fcr\u00fcc\u00fc Kursu (MTSK) Direksiyon E\u011fitimi ve S\u0131nav Alan\u0131\u2019n\u0131 ziyaret ederek, yenilenen y\u00f6netmelik kapsam\u0131nda yap\u0131lan ilk direksiyon uygulama s\u0131nav\u0131nda incelemelerde bulundu.<\/p>\n<p>\u0130l M\u00fcd\u00fcr\u00fc \u00c7ay, s\u0131nava giren s\u00fcr\u00fcc\u00fc adaylar\u0131na ba\u015far\u0131 dileklerini ileterek, g\u00f6revlilere kolayl\u0131klar diledi. Ziyaret s\u0131ras\u0131nda s\u0131nav alan\u0131ndaki i\u015fleyi\u015fi g\u00f6zlemleyen \u00c7ay, yenilenen y\u00f6netmeli\u011fin detaylar\u0131 hakk\u0131nda yetkililerden bilgi ald\u0131.<\/p>\n<p>S\u00fcr\u00fcc\u00fc adaylar\u0131n\u0131n e\u011fitim s\u00fcre\u00e7lerinin iyile\u015ftirilmesi ve trafik g\u00fcvenli\u011finin art\u0131r\u0131lmas\u0131 amac\u0131yla d\u00fczenlenen yeni y\u00f6netmelik, ilk uygulamas\u0131n\u0131 ba\u015far\u0131l\u0131 bir \u015fekilde ger\u00e7ekle\u015ftirdi. \u00c7ay\u2019\u0131n ziyareti, hem adaylar hem de g\u00f6revliler taraf\u0131ndan memnuniyetle kar\u015f\u0131land\u0131.<\/p>\n<p>Ziyaret sonras\u0131 konu\u015fan \u0130l Mill\u00ee E\u011fitim M\u00fcd\u00fcr\u00fc Emre \u00c7ay, &#8220;Yeni y\u00f6netmeli\u011fin getirdi\u011fi d\u00fczenlemelerle s\u00fcr\u00fcc\u00fc adaylar\u0131n\u0131n nitelikli e\u011fitim almas\u0131 ve trafikte daha g\u00fcvenli s\u00fcr\u00fcc\u00fcler olarak yer almalar\u0131 hedeflenmektedir. T\u00fcm adaylara ba\u015far\u0131lar diliyor, g\u00f6rev alan ekiplerimize te\u015fekk\u00fcr ediyorum&#8221; ifadelerini kulland\u0131.<br \/><\/p>\n","protected":false},"excerpt":{"rendered":"<p>Mu\u011fla \u0130l Mill\u00ee E\u011fitim M\u00fcd\u00fcr\u00fc Emre \u00c7ay, il\u00e7ede ger\u00e7ekle\u015ftirilen Motorlu Ta\u015f\u0131tlar S\u00fcr\u00fcc\u00fc Kursu (MTSK) Direksiyon E\u011fitimi ve S\u0131nav Alan\u0131\u2019n\u0131 ziyaret ederek, yenilenen y\u00f6netmelik kapsam\u0131nda yap\u0131lan ilk direksiyon uygulama s\u0131nav\u0131nda incelemelerde bulundu. \u0130l M\u00fcd\u00fcr\u00fc \u00c7ay, s\u0131nava giren s\u00fcr\u00fcc\u00fc adaylar\u0131na ba\u015far\u0131 dileklerini ileterek, g\u00f6revlilere kolayl\u0131klar diledi. Ziyaret s\u0131ras\u0131nda s\u0131nav alan\u0131ndaki i\u015fleyi\u015fi g\u00f6zlemleyen \u00c7ay, yenilenen y\u00f6netmeli\u011fin detaylar\u0131 hakk\u0131nda&#8230;<\/p>\n","protected":false},"author":1,"featured_media":11113,"comment_status":"open","ping_status":"open","sticky":false,"template":"","format":"standard","meta":{"_crdt_document":"","footnotes":""},"categories":[1],"tags":[],"class_list":["post-11112","post","type-post","status-publish","format-standard","has-post-thumbnail","hentry","category-guncel"],"_links":{"self":[{"href":"https:\/\/www.egemtv.com\/index.php?rest_route=\/wp\/v2\/posts\/11112","targetHints":{"allow":["GET"]}}],"collection":[{"href":"https:\/\/www.egemtv.com\/index.php?rest_route=\/wp\/v2\/posts"}],"about":[{"href":"https:\/\/www.egemtv.com\/index.php?rest_route=\/wp\/v2\/types\/post"}],"author":[{"embeddable":true,"href":"https:\/\/www.egemtv.com\/index.php?rest_route=\/wp\/v2\/users\/1"}],"replies":[{"embeddable":true,"href":"https:\/\/www.egemtv.com\/index.php?rest_route=%2Fwp%2Fv2%2Fcomments&post=11112"}],"version-history":[{"count":1,"href":"https:\/\/www.egemtv.com\/index.php?rest_route=\/wp\/v2\/posts\/11112\/revisions"}],"predecessor-version":[{"id":11114,"href":"https:\/\/www.egemtv.com\/index.php?rest_route=\/wp\/v2\/posts\/11112\/revisions\/11114"}],"wp:featuredmedia":[{"embeddable":true,"href":"https:\/\/www.egemtv.com\/index.php?rest_route=\/wp\/v2\/media\/11113"}],"wp:attachment":[{"href":"https:\/\/www.egemtv.com\/index.php?rest_route=%2Fwp%2Fv2%2Fmedia&parent=11112"}],"wp:term":[{"taxonomy":"category","embeddable":true,"href":"https:\/\/www.egemtv.com\/index.php?rest_route=%2Fwp%2Fv2%2Fcategories&post=11112"},{"taxonomy":"post_tag","embeddable":true,"href":"https:\/\/www.egemtv.com\/index.php?rest_route=%2Fwp%2Fv2%2Ftags&post=11112"}],"curies":[{"name":"wp","href":"https:\/\/api.w.org\/{rel}","templated":true}]}}